{"id":2247,"date":"2026-01-05T00:00:00","date_gmt":"2026-01-05T00:00:00","guid":{"rendered":""},"modified":"2026-01-05T00:00:00","modified_gmt":"2026-01-05T00:00:00","slug":"2026010782747","status":"publish","type":"post","link":"https:\/\/www.yvelinesradio.com\/radio\/2026\/01\/05\/2026010782747\/","title":{"rendered":"\u00ab\u00a0MILLE FRANCS de R\u00c9COMPENSE\u00a0\u00bb au Montmartre-Galabru"},"content":{"rendered":"<figure class=\"wp-block-image size-full\"><img decoding=\"async\" src=\"https:\/\/www.yvelinesradio.com\/infos\/chroniques\/SORTIES_A_PARIS___MILLE_FRANCS_de_R_COMPENSE__au_Montmart__5628555987.jpg\"alt=\"\" class=\"wp-image-32\" \/><\/figure><figure class=\"wp-block-audio\"><audio controls src=\"https:\/\/www.yvelinesradio.com\/infos\/chroniques\/SORTIES_A_PARIS___MILLE_FRANCS_de_R_COMPENSE__au_Montmart__8981944713.mp3\"><\/audio><\/figure><p>Une pi\u00e8ce de Victor-Hugo, \u00e9crite en 1866, alors qu&rsquo;il \u00e9tait en exil \u00e0 Guernesey.\r\n\r\nCe spectacle n&rsquo;a jamais \u00e9t\u00e9 jou\u00e9 de son vivant, on le lui avait demand\u00e9 pour l&rsquo;Od\u00e9on, et il a r\u00e9pondu par la n\u00e9gative: \u00ab\u00a0Mon drame para\u00eetra le jour o\u00f9 la libert\u00e9 reviendra\u00a0\u00bb.\r\n\r\nPubli\u00e9e en 1934, cette oeuvre a  \u00e9t\u00e9 cr\u00e9\u00e9e en 1961.\r\n\r\n \r\n\r\nUne troupe de th\u00e9\u00e2tre  a eu la bonne id\u00e9e de ressortir ce texte, et vous allez pouvoir l&rsquo;applaudir tr\u00e8s prochainement au Th\u00e9\u00e2tre Montmartre-Galabru, qui nous r\u00e9serve r\u00e9guli\u00e8rement de tr\u00e8s bonnes surprises.\r\n\r\n \r\n\r\n\u00ab\u00a0Glapieu, un ancien bagnard en cavale, veut se repentir en accomplissant un acte immense : Sauver Cyprienne et sa m\u00e8re, au bord de l&rsquo;effondrement. Mais sur sa route se dresse Rousseline, froid et puissant, pr\u00eat \u00e0 broyer les faibles pour asseoir son empire. Un monstre en cravate, plus dangereux qu&rsquo;un fusil. Un combat entre le bien et le mal, s&rsquo;engage. Glapieu agit-il pour se racheter\u0085 ou simplement par pure humanit\u00e9 ? \u00a0\u00bb\r\n\r\n \r\n\r\nAvec:\r\n\r\nTess LEPREUX-ALLES\r\n\r\nSylvain GAURY\r\n\r\nSophie PERRON\r\n\r\nStanislas BIZEUL\r\n\r\nRapha\u00ebl DUL\u00c9RY\r\n\r\nArnaud FIORE\r\n\r\n \r\n\r\nAdaptation et Mise en Sc\u00e8ne: Arnaud FIORE\r\n\r\nDur\u00e9e: 1h30\r\n\r\n \r\n\r\nDu 5 F\u00e9vrier au 30 Avril 2026\r\n\r\nLes Jeudis \u00e0 19h30\r\n\r\n \r\n\r\n\r\n \r\n\r\nTH\u00c9\u00c2TRE MONTMARTRE GALABRU\r\n\r\n01 42 23 15 85\r\n\r\n \r\n\r\n \r\n\r\nRobert BONNARDOT<\/p>","protected":false},"excerpt":{"rendered":"<p>Une pi\u00e8ce de Victor-Hugo, \u00e9crite en 1866, alors qu&rsquo;il \u00e9tait en exil \u00e0 Guernesey. Ce spectacle n&rsquo;a jamais \u00e9t\u00e9 jou\u00e9 de son vivant, on le lui avait demand\u00e9 pour l&rsquo;Od\u00e9on, et il a r\u00e9pondu par la n\u00e9gative: \u00ab\u00a0Mon drame para\u00eetra le jour o\u00f9 la libert\u00e9 reviendra\u00a0\u00bb. Publi\u00e9e en 1934, cette oeuvre a \u00e9t\u00e9 cr\u00e9\u00e9e en [&hellip;]<\/p>\n","protected":false},"author":11,"featured_media":0,"comment_status":"closed","ping_status":"open","sticky":false,"template":"","format":"standard","meta":{"footnotes":""},"categories":[],"tags":[],"_links":{"self":[{"href":"https:\/\/www.yvelinesradio.com\/radio\/wp-json\/wp\/v2\/posts\/2247"}],"collection":[{"href":"https:\/\/www.yvelinesradio.com\/radio\/wp-json\/wp\/v2\/posts"}],"about":[{"href":"https:\/\/www.yvelinesradio.com\/radio\/wp-json\/wp\/v2\/types\/post"}],"author":[{"embeddable":true,"href":"https:\/\/www.yvelinesradio.com\/radio\/wp-json\/wp\/v2\/users\/11"}],"replies":[{"embeddable":true,"href":"https:\/\/www.yvelinesradio.com\/radio\/wp-json\/wp\/v2\/comments?post=2247"}],"version-history":[{"count":0,"href":"https:\/\/www.yvelinesradio.com\/radio\/wp-json\/wp\/v2\/posts\/2247\/revisions"}],"wp:attachment":[{"href":"https:\/\/www.yvelinesradio.com\/radio\/wp-json\/wp\/v2\/media?parent=2247"}],"wp:term":[{"taxonomy":"category","embeddable":true,"href":"https:\/\/www.yvelinesradio.com\/radio\/wp-json\/wp\/v2\/categories?post=2247"},{"taxonomy":"post_tag","embeddable":true,"href":"https:\/\/www.yvelinesradio.com\/radio\/wp-json\/wp\/v2\/tags?post=2247"}],"curies":[{"name":"wp","href":"https:\/\/api.w.org\/{rel}","templated":true}]}}