{"id":2246,"date":"2026-01-04T00:00:00","date_gmt":"2026-01-04T00:00:00","guid":{"rendered":""},"modified":"2026-01-04T00:00:00","modified_gmt":"2026-01-04T00:00:00","slug":"20260106557292","status":"publish","type":"post","link":"https:\/\/www.yvelinesradio.com\/radio\/2026\/01\/04\/20260106557292\/","title":{"rendered":"On vous offre une d\u00e9but d&rsquo;ann\u00e9e d\u00e9tox avec la tornade portugaise Eksibha !"},"content":{"rendered":"<figure class=\"wp-block-image size-full\"><img decoding=\"async\" src=\"https:\/\/www.yvelinesradio.com\/infos\/chroniques\/CATHERINE_BOUVIER__On_vous_offre_une_d_but_d_ann_e_d_tox_av__2192264178.png\"alt=\"\" class=\"wp-image-32\" \/><\/figure><figure class=\"wp-block-audio\"><audio controls src=\"https:\/\/www.yvelinesradio.com\/infos\/chroniques\/CATHERINE_BOUVIER__On_vous_offre_une_d_but_d_ann_e_d_tox_av__9630600570.mp3\"><\/audio><\/figure><p>D\u00e9couvrez ou red\u00e9couvrez la musique kitsch, r\u00e9tro, d\u00e9cal\u00e9e propos\u00e9e par notre \u00e9quipe d&rsquo;experts en kitschologie : Olivier, Agn\u00e8s, Lucie &#038; le Professeur Depuipeu.\r\n\r\nRejoignez-nous pour une heure de d\u00e9lires kitschs ! La premi\u00e8re videoKITSCH de l&rsquo;ann\u00e9e tentera de r\u00e9pondre \u00e0 cette suestuon : le luxe, le confort, un r\u00eave pour quelle richesse ? El\u00e9ments de r\u00e9ponse avec le cultissime\u0085 et inestimable \u00ab Money ! Money! Money! \u00bb d&rsquo;ABBA, un titre qui traverse le temps et les g\u00e9n\u00e9rations, ind\u00e9modable par son rythme et par son clip aux allures de cabaret !\r\n\r\nLa lumi\u00e8re, l&rsquo;amour et la paix\u0085 Voila ce que nous vous souhaitons et ce que nous commencerons \u00e0 vous apporter cette semaine pour la premi\u00e8re de l&rsquo;ann\u00e9e de notre \u00e9mission Avec comme invit\u00e9e Elsinha, une artiste qui fera du bien \u00e0 votre \u00e2me et vous entra\u00eenera dans la danse de 2026 avec le sourire\u0085\r\n\r\nLa chanteuse et guitariste franco-portugaise et\u0085 br\u00e9silienne d&rsquo;adoption, vous invitera \u00e0 un voyage sans fronti\u00e8res rythm\u00e9 et profond \u00e0 travers son EP \u00ab Salvacion \u00bb et son futur album \u00ab Verdade \u00bb. Autant de notes color\u00e9es dont elle vous offrira un \u00e9chantillon en live acoustique qui distilleront du miel \u00e0 vos oreilles et des fournis \u00e0 vos jambes\u0085 Alors fabuleuse ann\u00e9e\u0085 et bon \u00e9chauffement !\r\n\r\nNous r\u00e9unissons toutes ces oeuvres musicales, oubli\u00e9es ou jamais connues, dans notre \u00ab kitschenette \u00bb, pour vous mitonner une cuisine sonore nouvelle et non calorique (ou si peu\u0085) aux parfums in\u00e9dits et savoureux !\r\n\r\nRetrouvez-nous lundi de 19h \u00e0 20h, mercredi de 9h \u00e0 10h, et vendredi de 21h \u00e0 22h, sur Yvelines Radio. Pour le meilleur et pour le rire\u0085\r\n\r\nEt pour poursuivre l&rsquo;aventure, rendez-vous aussi sur notre site:\r\n\r\nhttp:\/\/www.kitschetnet.fr<\/p>","protected":false},"excerpt":{"rendered":"<p>D\u00e9couvrez ou red\u00e9couvrez la musique kitsch, r\u00e9tro, d\u00e9cal\u00e9e propos\u00e9e par notre \u00e9quipe d&rsquo;experts en kitschologie : Olivier, Agn\u00e8s, Lucie &#038; le Professeur Depuipeu. Rejoignez-nous pour une heure de d\u00e9lires kitschs ! La premi\u00e8re videoKITSCH de l&rsquo;ann\u00e9e tentera de r\u00e9pondre \u00e0 cette suestuon : le luxe, le confort, un r\u00eave pour quelle richesse ? El\u00e9ments de [&hellip;]<\/p>\n","protected":false},"author":15,"featured_media":0,"comment_status":"closed","ping_status":"open","sticky":false,"template":"","format":"standard","meta":{"footnotes":""},"categories":[],"tags":[],"_links":{"self":[{"href":"https:\/\/www.yvelinesradio.com\/radio\/wp-json\/wp\/v2\/posts\/2246"}],"collection":[{"href":"https:\/\/www.yvelinesradio.com\/radio\/wp-json\/wp\/v2\/posts"}],"about":[{"href":"https:\/\/www.yvelinesradio.com\/radio\/wp-json\/wp\/v2\/types\/post"}],"author":[{"embeddable":true,"href":"https:\/\/www.yvelinesradio.com\/radio\/wp-json\/wp\/v2\/users\/15"}],"replies":[{"embeddable":true,"href":"https:\/\/www.yvelinesradio.com\/radio\/wp-json\/wp\/v2\/comments?post=2246"}],"version-history":[{"count":0,"href":"https:\/\/www.yvelinesradio.com\/radio\/wp-json\/wp\/v2\/posts\/2246\/revisions"}],"wp:attachment":[{"href":"https:\/\/www.yvelinesradio.com\/radio\/wp-json\/wp\/v2\/media?parent=2246"}],"wp:term":[{"taxonomy":"category","embeddable":true,"href":"https:\/\/www.yvelinesradio.com\/radio\/wp-json\/wp\/v2\/categories?post=2246"},{"taxonomy":"post_tag","embeddable":true,"href":"https:\/\/www.yvelinesradio.com\/radio\/wp-json\/wp\/v2\/tags?post=2246"}],"curies":[{"name":"wp","href":"https:\/\/api.w.org\/{rel}","templated":true}]}}