{"id":2243,"date":"2026-01-02T00:00:00","date_gmt":"2026-01-02T00:00:00","guid":{"rendered":""},"modified":"2026-01-02T00:00:00","modified_gmt":"2026-01-02T00:00:00","slug":"20260104439899","status":"publish","type":"post","link":"https:\/\/www.yvelinesradio.com\/radio\/2026\/01\/02\/20260104439899\/","title":{"rendered":"\u00a0\u00bb FESTIVAL OUI ! \u00a0\u00bb 9 \u00e8me \u00e9dition"},"content":{"rendered":"<figure class=\"wp-block-image size-full\"><img decoding=\"async\" src=\"https:\/\/www.yvelinesradio.com\/infos\/chroniques\/SORTIES_A_PARIS____FESTIVAL_OUI________me__dition__8768463842.jpg\"alt=\"\" class=\"wp-image-32\" \/><\/figure><figure class=\"wp-block-audio\"><audio controls src=\"https:\/\/www.yvelinesradio.com\/infos\/chroniques\/SORTIES_A_PARIS____FESTIVAL_OUI________me__dition__8421108187.mp3\"><\/audio><\/figure><p>C&rsquo;est la 9 \u00e8me \u00c9dition du Festival \u00ab\u00a0OUI !\u00a0\u00bb, et c&rsquo;est du th\u00e9\u00e2tre en Fran\u00e7ais \u00e0 Barcelone.\r\n\r\nDepuis sa cr\u00e9ation en 2017, ce Festival jouit d&rsquo;une renomm\u00e9e internationale et remporte chaque ann\u00e9e un v\u00e9ritable succes.\r\n\r\n \r\n\r\nSes cr\u00e9ateurs:\r\n\r\n\r\n \r\n\r\nMathilde MOTTIER et Fran\u00e7ois VILA\r\n\r\n \r\n\r\nVous trouverez tous renseignements utiles sur le site du festival:\r\n\r\ninfos@festivaldetheatreenfrancais.com\r\n\r\n \r\n\r\nEt les billets sont en vente sur le site de l&rsquo;IFB (Institut Fran\u00e7ais de Barcelone.)\r\n\r\n \r\n\r\nLe Festival \u00a0\u00bb OUI ! \u00a0\u00bb se d\u00e9roulera:\r\n\r\nDu 26 Janvier au 7 F\u00e9vrier 2026\r\n\r\n \r\n\r\n \r\n\r\n \r\n\r\n\r\nINSTITUT FRAN\u00c7AIS de BARCELONE\r\n\r\n+34 747 85 01 77\r\n\r\n \r\n\r\nRobert BONNARDOT<\/p>","protected":false},"excerpt":{"rendered":"<p>C&rsquo;est la 9 \u00e8me \u00c9dition du Festival \u00ab\u00a0OUI !\u00a0\u00bb, et c&rsquo;est du th\u00e9\u00e2tre en Fran\u00e7ais \u00e0 Barcelone. Depuis sa cr\u00e9ation en 2017, ce Festival jouit d&rsquo;une renomm\u00e9e internationale et remporte chaque ann\u00e9e un v\u00e9ritable succes. Ses cr\u00e9ateurs: Mathilde MOTTIER et Fran\u00e7ois VILA Vous trouverez tous renseignements utiles sur le site du festival: infos@festivaldetheatreenfrancais.com Et les [&hellip;]<\/p>\n","protected":false},"author":11,"featured_media":0,"comment_status":"closed","ping_status":"open","sticky":false,"template":"","format":"standard","meta":{"footnotes":""},"categories":[],"tags":[],"_links":{"self":[{"href":"https:\/\/www.yvelinesradio.com\/radio\/wp-json\/wp\/v2\/posts\/2243"}],"collection":[{"href":"https:\/\/www.yvelinesradio.com\/radio\/wp-json\/wp\/v2\/posts"}],"about":[{"href":"https:\/\/www.yvelinesradio.com\/radio\/wp-json\/wp\/v2\/types\/post"}],"author":[{"embeddable":true,"href":"https:\/\/www.yvelinesradio.com\/radio\/wp-json\/wp\/v2\/users\/11"}],"replies":[{"embeddable":true,"href":"https:\/\/www.yvelinesradio.com\/radio\/wp-json\/wp\/v2\/comments?post=2243"}],"version-history":[{"count":0,"href":"https:\/\/www.yvelinesradio.com\/radio\/wp-json\/wp\/v2\/posts\/2243\/revisions"}],"wp:attachment":[{"href":"https:\/\/www.yvelinesradio.com\/radio\/wp-json\/wp\/v2\/media?parent=2243"}],"wp:term":[{"taxonomy":"category","embeddable":true,"href":"https:\/\/www.yvelinesradio.com\/radio\/wp-json\/wp\/v2\/categories?post=2243"},{"taxonomy":"post_tag","embeddable":true,"href":"https:\/\/www.yvelinesradio.com\/radio\/wp-json\/wp\/v2\/tags?post=2243"}],"curies":[{"name":"wp","href":"https:\/\/api.w.org\/{rel}","templated":true}]}}