{"id":2220,"date":"2025-12-15T00:00:00","date_gmt":"2025-12-15T00:00:00","guid":{"rendered":""},"modified":"2025-12-15T00:00:00","modified_gmt":"2025-12-15T00:00:00","slug":"20251216896147","status":"publish","type":"post","link":"https:\/\/www.yvelinesradio.com\/radio\/2025\/12\/15\/20251216896147\/","title":{"rendered":"\u00ab\u00a0LA GUERRE DES HACHOIRS\u00a0\u00bb \u00e0 La Folie Th\u00e9\u00e2tre"},"content":{"rendered":"<figure class=\"wp-block-image size-full\"><img decoding=\"async\" src=\"https:\/\/www.yvelinesradio.com\/infos\/chroniques\/SORTIES_A_PARIS___LA_GUERRE_DES_HACHOIRS____La_Folie_Th____9304267827.jpg\"alt=\"\" class=\"wp-image-32\" \/><\/figure><figure class=\"wp-block-audio\"><audio controls src=\"https:\/\/www.yvelinesradio.com\/infos\/chroniques\/SORTIES_A_PARIS___LA_GUERRE_DES_HACHOIRS____La_Folie_Th____2457012030.mp3\"><\/audio><\/figure><p>\u00ab\u00a0LA GUERRE DES HACHOIRS\u00a0\u00bb, c&rsquo;est une farce qui tourne \u00e0 certains moments  \u00e0 une approche de la Com\u00e9die Musicale.\r\n\r\nOc\u00e9ane, marchande de Poissons, une vraie vedette, fait de l&rsquo;ombre \u00e0 la confr\u00e9rie des Bouchers-Charcutiers. Il n&rsquo;en faut pas plus, pour que tout Rungis s&rsquo;en \u00e9meuve.\r\n\r\nC&rsquo;est gai, et tr\u00e8s anim\u00e9. Mais, j&rsquo;ai touv\u00e9 que  le volume sonore est un peu disprortionn\u00e9 \u00e0 la taille de la salle&#8230;\r\n\r\n Il y a de bonnes id\u00e9es dans la Mise en Sc\u00e8ne.\r\n\r\nC&rsquo;est tr\u00e8s joyeux !!!\r\n\r\nUne troupe de com\u00e9diens, en alternance:\r\n\r\nThomas LAURENT\r\n\r\nFabien HELLOU\r\n\r\nMathilda EL HAMMOUDANI\r\n\r\nCharlotte JOUSLIN\r\n\r\nJean-Nicolas GAITT\u00c9\r\n\r\nClara CORDEIRO\r\n\r\nRoxane JOUCAVIEL\r\n\r\nJulien ORAIN\r\n\r\nMarie RIOUX\r\n\r\n \r\n\r\nUne pi\u00e8ce de: Julien ORAIN\r\n\r\n \r\n\r\nMise en Sc\u00e8ne: L&rsquo;auteur, assist\u00e9 de Roxane JOUCAVIEL\r\n\r\n \r\n\r\nJusqu&rsquo;au 1er F\u00e9vrier 2026\r\n\r\nLes Vendredis, Samedis et Dimanches \u00e0 20h00\r\n\r\n \r\n\r\nDur\u00e9e: 1h15\r\n\r\n \r\n\r\n\r\n \r\n\r\n\u00c0 LA FOLIE TH\u00c9\u00c2TRE\r\n\r\n01 43 55 14 80\r\n\r\n \r\n\r\n \r\n\r\nRobert BONNARDOT<\/p>","protected":false},"excerpt":{"rendered":"<p>\u00ab\u00a0LA GUERRE DES HACHOIRS\u00a0\u00bb, c&rsquo;est une farce qui tourne \u00e0 certains moments \u00e0 une approche de la Com\u00e9die Musicale. Oc\u00e9ane, marchande de Poissons, une vraie vedette, fait de l&rsquo;ombre \u00e0 la confr\u00e9rie des Bouchers-Charcutiers. Il n&rsquo;en faut pas plus, pour que tout Rungis s&rsquo;en \u00e9meuve. C&rsquo;est gai, et tr\u00e8s anim\u00e9. Mais, j&rsquo;ai touv\u00e9 que le [&hellip;]<\/p>\n","protected":false},"author":11,"featured_media":0,"comment_status":"closed","ping_status":"open","sticky":false,"template":"","format":"standard","meta":{"footnotes":""},"categories":[],"tags":[],"_links":{"self":[{"href":"https:\/\/www.yvelinesradio.com\/radio\/wp-json\/wp\/v2\/posts\/2220"}],"collection":[{"href":"https:\/\/www.yvelinesradio.com\/radio\/wp-json\/wp\/v2\/posts"}],"about":[{"href":"https:\/\/www.yvelinesradio.com\/radio\/wp-json\/wp\/v2\/types\/post"}],"author":[{"embeddable":true,"href":"https:\/\/www.yvelinesradio.com\/radio\/wp-json\/wp\/v2\/users\/11"}],"replies":[{"embeddable":true,"href":"https:\/\/www.yvelinesradio.com\/radio\/wp-json\/wp\/v2\/comments?post=2220"}],"version-history":[{"count":0,"href":"https:\/\/www.yvelinesradio.com\/radio\/wp-json\/wp\/v2\/posts\/2220\/revisions"}],"wp:attachment":[{"href":"https:\/\/www.yvelinesradio.com\/radio\/wp-json\/wp\/v2\/media?parent=2220"}],"wp:term":[{"taxonomy":"category","embeddable":true,"href":"https:\/\/www.yvelinesradio.com\/radio\/wp-json\/wp\/v2\/categories?post=2220"},{"taxonomy":"post_tag","embeddable":true,"href":"https:\/\/www.yvelinesradio.com\/radio\/wp-json\/wp\/v2\/tags?post=2220"}],"curies":[{"name":"wp","href":"https:\/\/api.w.org\/{rel}","templated":true}]}}