{"id":2212,"date":"2025-12-09T00:00:00","date_gmt":"2025-12-09T00:00:00","guid":{"rendered":""},"modified":"2025-12-09T00:00:00","modified_gmt":"2025-12-09T00:00:00","slug":"20251211925559","status":"publish","type":"post","link":"https:\/\/www.yvelinesradio.com\/radio\/2025\/12\/09\/20251211925559\/","title":{"rendered":"\u00ab\u00a0UNE \u00c9QUIPE FORMIDABLE\u00a0\u00bb au SPLENDID"},"content":{"rendered":"<figure class=\"wp-block-image size-full\"><img decoding=\"async\" src=\"https:\/\/www.yvelinesradio.com\/infos\/chroniques\/SORTIES_A_PARIS___UNE__QUIPE_FORMIDABLE__au_SPLENDID__6793326814.jpg\"alt=\"\" class=\"wp-image-32\" \/><\/figure><figure class=\"wp-block-audio\"><audio controls src=\"https:\/\/www.yvelinesradio.com\/infos\/chroniques\/SORTIES_A_PARIS___UNE__QUIPE_FORMIDABLE__au_SPLENDID__4931824060.mp3\"><\/audio><\/figure><p>Vous cherchez une pi\u00e8ce dr\u00f4le, pour finir l&rsquo;ann\u00e9e en beaut\u00e9, j&rsquo;ai trouv\u00e9 ce qu&rsquo;il vous faut !\r\n\r\n\u00ab\u00a0UNE \u00c9QUIPE FORMIDABLE\u00a0\u00bb, de Ivan CALB\u00c9RAC;\r\n\r\nOn lui doit de grands succ\u00e8s comme:\r\n\r\n\u00ab\u00a0L&rsquo;\u00c9tudiante et monsieur Henri\u00a0\u00bb\r\n\r\n\u00ab\u00a0La D\u00e9gustation\u00a0\u00bb\r\n\r\nou\r\n\r\n\u00ab\u00a0Glenn, naissance d&rsquo;un prodige\u00a0\u00bb.\r\n\r\nAvec cette com\u00e9die sur les coulisses d&rsquo;un tournage de film, il nous entra\u00eene dans une folle \u00e9pop\u00e9e, c&rsquo;est succulent, et vraiment  bien observ\u00e9.\r\n\r\nUn public aux anges !!!\r\n\r\nUne \u00e9quipe de com\u00e9diens, tous remarquables et remarqu\u00e9s:\r\n\r\nMaud BAECKER\r\n\r\nLudivine DE CHASTENET\r\n\r\nSophie DE F\u00dcRST\r\n\r\nThomas SAGOLS\r\n\r\nS\u00e9bastien PIERRE\r\n\r\nBeno\u00eet TACHOIRES. \r\n\r\n \r\n\r\nSc\u00e9nographie: Juliette AZZOPARDI et Jean-Beno\u00eet THIBAUD\r\n\r\nLumi\u00e8res: Thomas ROUXEL\r\n\r\nCostumes: Clothilde FORTIN\r\n\r\n \r\n\r\nMise en Sc\u00e8ne: Ivan CALB\u00c9RAC, assist\u00e9 par Astrid ORTMANS\r\n\r\n \r\n\r\nDu Mercredi au Samedi \u00e0 21h00\r\n\r\nMatin\u00e9es: Samedi \u00e0 16h30 et Dimanche \u00e0 15h00\r\n\r\n \r\n\r\nDur\u00e9e: 1h30\r\n\r\n \r\n\r\n\r\nTH\u00c9\u00c2TRE LE SPLENDID\r\n\r\n01 42 08 21 93\r\n\r\n \r\n\r\n \r\n\r\nRobert BONNARDOT<\/p>","protected":false},"excerpt":{"rendered":"<p>Vous cherchez une pi\u00e8ce dr\u00f4le, pour finir l&rsquo;ann\u00e9e en beaut\u00e9, j&rsquo;ai trouv\u00e9 ce qu&rsquo;il vous faut ! \u00ab\u00a0UNE \u00c9QUIPE FORMIDABLE\u00a0\u00bb, de Ivan CALB\u00c9RAC; On lui doit de grands succ\u00e8s comme: \u00ab\u00a0L&rsquo;\u00c9tudiante et monsieur Henri\u00a0\u00bb \u00ab\u00a0La D\u00e9gustation\u00a0\u00bb ou \u00ab\u00a0Glenn, naissance d&rsquo;un prodige\u00a0\u00bb. Avec cette com\u00e9die sur les coulisses d&rsquo;un tournage de film, il nous entra\u00eene dans [&hellip;]<\/p>\n","protected":false},"author":11,"featured_media":0,"comment_status":"closed","ping_status":"open","sticky":false,"template":"","format":"standard","meta":{"footnotes":""},"categories":[],"tags":[],"_links":{"self":[{"href":"https:\/\/www.yvelinesradio.com\/radio\/wp-json\/wp\/v2\/posts\/2212"}],"collection":[{"href":"https:\/\/www.yvelinesradio.com\/radio\/wp-json\/wp\/v2\/posts"}],"about":[{"href":"https:\/\/www.yvelinesradio.com\/radio\/wp-json\/wp\/v2\/types\/post"}],"author":[{"embeddable":true,"href":"https:\/\/www.yvelinesradio.com\/radio\/wp-json\/wp\/v2\/users\/11"}],"replies":[{"embeddable":true,"href":"https:\/\/www.yvelinesradio.com\/radio\/wp-json\/wp\/v2\/comments?post=2212"}],"version-history":[{"count":0,"href":"https:\/\/www.yvelinesradio.com\/radio\/wp-json\/wp\/v2\/posts\/2212\/revisions"}],"wp:attachment":[{"href":"https:\/\/www.yvelinesradio.com\/radio\/wp-json\/wp\/v2\/media?parent=2212"}],"wp:term":[{"taxonomy":"category","embeddable":true,"href":"https:\/\/www.yvelinesradio.com\/radio\/wp-json\/wp\/v2\/categories?post=2212"},{"taxonomy":"post_tag","embeddable":true,"href":"https:\/\/www.yvelinesradio.com\/radio\/wp-json\/wp\/v2\/tags?post=2212"}],"curies":[{"name":"wp","href":"https:\/\/api.w.org\/{rel}","templated":true}]}}