{"id":22,"date":"2024-05-20T00:00:00","date_gmt":"2024-05-20T00:00:00","guid":{"rendered":""},"modified":"2024-05-20T00:00:00","modified_gmt":"2024-05-20T00:00:00","slug":"20240527453427","status":"publish","type":"post","link":"https:\/\/www.yvelinesradio.com\/radio\/2024\/05\/20\/20240527453427\/","title":{"rendered":"Sebka poursuit sa route dans Kitsch et Net !"},"content":{"rendered":"<figure class=\"wp-block-image size-full\"><img decoding=\"async\" src=\"https:\/\/www.yvelinesradio.com\/infos\/emissions\/KITSCH_ET_NET__Sebka_poursuit_sa_route_dans_Kitsch_et_N__7117776430.png\"alt=\"\" class=\"wp-image-32\" \/><\/figure><figure class=\"wp-block-audio\"><audio controls src=\"https:\/\/www.yvelinesradio.com\/infos\/emissions\/KITSCH_ET_NET__Sebka_poursuit_sa_route_dans_Kitsch_et_N__4810782897.mp3\"><\/audio><\/figure><p>D\u00e9couvrez ou red\u00e9couvrez la musique kitsch, r\u00e9tro, d\u00e9cal\u00e9e propos\u00e9e par notre \u00e9quipe d\u0092experts en kitschologie : Olivier, Agn\u00e8s, Lucie &#038; le Professeur Depuipeu.\r\n\r\nRejoignez-nous pour une heure de d\u00e9lires kitschs !\r\n\r\nUn \u00ab Bouillon de culture \u00bb que n\u0092aurait pas reni\u00e9 Bernard Pivot mijotera dans vos oreilles cette semaine dans notre \u00e9mission ! L\u0092auteur compositeur d\u00e9cal\u00e9, paradoxal et d\u00e9coiffant Sebka fera en effet escale dans notre studio pour nous pr\u00e9senter son nouveau single : \u00ab Sur la route \u00bb\u0085\r\n\r\nEmule de Jacques Brel ou Georges Brassens mais aussi \u00e9l\u00e8ve du grand parolier Claude Lemesle, l\u0092artiste reviendra \u00e9glement sur son dernier album, n\u00e9 durant le confinement et intitul\u00e9 \u00ab Un peu des deux \u00bb. Un titre qui lui sied bien : d\u00e9fiant les clich\u00e9s et les normes \u00e9tablies, il vous surprendra aussi en live acoustique affant d\u0092effectuer une tourn\u00e9e dans le Grand sud ouest\u0085 Sur la route, encore et toujours !\r\n\r\nEt c\u0092est d\u0092une autre \u00e9mission mythique de M Pivot dont nous parlerons dans notre videoKITSCH de la semaine : le rendez-vous litt\u00e9raite incontournable \u00ab Apostrophes ! Avec en guise de g\u00e9n\u00e9rique ce piano fr\u00e9n\u00e9tique men\u00e9 par Byron Janis, interpr\u00e9rant le concerto Vivace N\u00b01 pour piano de Rachmaninoff\u0085\r\n\r\nNous r\u00e9unissons toutes ces \u009cuvres musicales, oubli\u00e9es ou jamais connues, dans notre \u00ab kitschenette \u00bb, pour vous mitonner une cuisine sonore nouvelle et non calorique (ou si peu\u0085) aux parfums in\u00e9dits et savoureux !\r\n\r\nRetrouvez-nous lundi de 19h \u00e0 20h, mercredi de 9h \u00e0 10h, et vendredi de 21h \u00e0 22h, sur Yvelines Radio. Pour le meilleur et pour le rire\u0085\r\n\r\nEt pour poursuivre l&rsquo;aventure, rendez-vous aussi sur notre site:\r\n\r\nhttp:\/\/www.kitschetnet.fr<\/p>","protected":false},"excerpt":{"rendered":"<p>D\u00e9couvrez ou red\u00e9couvrez la musique kitsch, r\u00e9tro, d\u00e9cal\u00e9e propos\u00e9e par notre \u00e9quipe d\u0092experts en kitschologie : Olivier, Agn\u00e8s, Lucie &#038; le Professeur Depuipeu. Rejoignez-nous pour une heure de d\u00e9lires kitschs ! Un \u00ab Bouillon de culture \u00bb que n\u0092aurait pas reni\u00e9 Bernard Pivot mijotera dans vos oreilles cette semaine dans notre \u00e9mission ! L\u0092auteur compositeur [&hellip;]<\/p>\n","protected":false},"author":12,"featured_media":0,"comment_status":"closed","ping_status":"open","sticky":false,"template":"","format":"standard","meta":{"footnotes":""},"categories":[],"tags":[],"_links":{"self":[{"href":"https:\/\/www.yvelinesradio.com\/radio\/wp-json\/wp\/v2\/posts\/22"}],"collection":[{"href":"https:\/\/www.yvelinesradio.com\/radio\/wp-json\/wp\/v2\/posts"}],"about":[{"href":"https:\/\/www.yvelinesradio.com\/radio\/wp-json\/wp\/v2\/types\/post"}],"author":[{"embeddable":true,"href":"https:\/\/www.yvelinesradio.com\/radio\/wp-json\/wp\/v2\/users\/12"}],"replies":[{"embeddable":true,"href":"https:\/\/www.yvelinesradio.com\/radio\/wp-json\/wp\/v2\/comments?post=22"}],"version-history":[{"count":0,"href":"https:\/\/www.yvelinesradio.com\/radio\/wp-json\/wp\/v2\/posts\/22\/revisions"}],"wp:attachment":[{"href":"https:\/\/www.yvelinesradio.com\/radio\/wp-json\/wp\/v2\/media?parent=22"}],"wp:term":[{"taxonomy":"category","embeddable":true,"href":"https:\/\/www.yvelinesradio.com\/radio\/wp-json\/wp\/v2\/categories?post=22"},{"taxonomy":"post_tag","embeddable":true,"href":"https:\/\/www.yvelinesradio.com\/radio\/wp-json\/wp\/v2\/tags?post=22"}],"curies":[{"name":"wp","href":"https:\/\/api.w.org\/{rel}","templated":true}]}}