{"id":2193,"date":"2025-12-02T00:00:00","date_gmt":"2025-12-02T00:00:00","guid":{"rendered":""},"modified":"2025-12-02T00:00:00","modified_gmt":"2025-12-02T00:00:00","slug":"20251204701874","status":"publish","type":"post","link":"https:\/\/www.yvelinesradio.com\/radio\/2025\/12\/02\/20251204701874\/","title":{"rendered":"\u00ab\u00a0PROUST EN CLAIR\u00a0\u00bb de retour \u00e0 L&rsquo;ESSA\u00cfON"},"content":{"rendered":"<figure class=\"wp-block-image size-full\"><img decoding=\"async\" src=\"https:\/\/www.yvelinesradio.com\/infos\/chroniques\/SORTIES_A_PARIS___PROUST_EN_CLAIR__de_retour___L_ESSA_ON__9159877654.jpg\"alt=\"\" class=\"wp-image-32\" \/><\/figure><figure class=\"wp-block-audio\"><audio controls src=\"https:\/\/www.yvelinesradio.com\/infos\/chroniques\/SORTIES_A_PARIS___PROUST_EN_CLAIR__de_retour___L_ESSA_ON__5853017141.mp3\"><\/audio><\/figure><p>\u00ab\u00a0PROUST EN CLAIR\u00a0\u00bb, c&rsquo;est un spectacle que j&rsquo;ai eu le plaisir de voir en 2019, et qui &#8211; pour le bonheur de tous &#8211; revient au Th\u00e9\u00e2tre de l&rsquo;Essa\u00efon.\r\n\r\nVoici, ce que j&rsquo;en disais:\r\n\r\n \r\n\r\n\u00ab\u00a0Pour moi, c&rsquo;est une r\u00e9cr\u00e9ation, voire une r\u00e9compense que je me d\u00e9cerne, quand je viens applaudir un spectacle de Jacques MOUGENOT.\r\n\r\nDe \u00ab\u00a0L&rsquo;Affaire Dussaert\u00a0\u00bb au \u00ab\u00a0Cas Martin Piche\u00a0\u00bb, en passant par \u00ab\u00a0Les Fian\u00e7\u00e9s de Loches\u00a0\u00bb avec Herv\u00e9 DEVOLDER, qui signe ici la Musique, j&rsquo;ai toujours autant de plaisir.\r\n\r\nCela commence avec des extraits de la biographie de Stefan Sweig, \u00e9crite en 1925, trois ans apr\u00e8s la mort de cet \u00eatre d\u00e9finitivement maladif: (1871-1922).\r\n\r\nUne traduction de H\u00e9l\u00e8ne DENIS-JEANROY.\r\n\r\nD&rsquo;autres textes de Cocteau ou Paul Morand.\r\n\r\nNous sommes a l&rsquo;\u00e9coute de ce formidable conteur qui me rappelle les Histoire de l&rsquo;Oncle Paul du magazine Tintin de mon enfance&#8230;\r\n\r\nIl nous fait revivre le personnage et nous plonge dans un si\u00e8cle pass\u00e9.\r\n\r\nAux Lumi\u00e8res: Denis KORANSKY, une v\u00e9ritable liaison avec le texte.\r\n\r\nJacques MOUGENOT a un regard aiguis\u00e9 sur tout ce qui l&rsquo;entoure. Je l&rsquo;ai observ\u00e9 lors de la soir\u00e9e de d\u00e9part de Emmanuel Dechartre. Il \u00e9tait attentif aux attitudes des unes et des autres. Il surprenait discr\u00e8tement la conversation de celle-ci ou celui-l\u00e0&#8230; Ils se retrouveront peut-\u00eatre dans un prochain spectacle&#8230; Que je ne manquerais pas !\u00a0\u00bb\r\n\r\n \r\n\r\nLes Dimanches \u00e0 18h00\r\n\r\n \r\n\r\nJusqu&rsquo;au 7 Avril 2026\r\n\r\n(Rel\u00e2ches les 1er et 8 F\u00e9vrier 2026)\r\n\r\n \r\n\r\nDur\u00e9e: 1h05\r\n\r\n \r\n\r\n\r\n \r\n\r\nTH\u00c9\u00c2TRE DE L&rsquo;ESSA\u00cfON\r\n\r\n01 42 78 46 42\r\n\r\n \r\n\r\n \r\n\r\nRobert BONNARDOT<\/p>","protected":false},"excerpt":{"rendered":"<p>\u00ab\u00a0PROUST EN CLAIR\u00a0\u00bb, c&rsquo;est un spectacle que j&rsquo;ai eu le plaisir de voir en 2019, et qui &#8211; pour le bonheur de tous &#8211; revient au Th\u00e9\u00e2tre de l&rsquo;Essa\u00efon. Voici, ce que j&rsquo;en disais: \u00ab\u00a0Pour moi, c&rsquo;est une r\u00e9cr\u00e9ation, voire une r\u00e9compense que je me d\u00e9cerne, quand je viens applaudir un spectacle de Jacques MOUGENOT. [&hellip;]<\/p>\n","protected":false},"author":11,"featured_media":0,"comment_status":"closed","ping_status":"open","sticky":false,"template":"","format":"standard","meta":{"footnotes":""},"categories":[],"tags":[],"_links":{"self":[{"href":"https:\/\/www.yvelinesradio.com\/radio\/wp-json\/wp\/v2\/posts\/2193"}],"collection":[{"href":"https:\/\/www.yvelinesradio.com\/radio\/wp-json\/wp\/v2\/posts"}],"about":[{"href":"https:\/\/www.yvelinesradio.com\/radio\/wp-json\/wp\/v2\/types\/post"}],"author":[{"embeddable":true,"href":"https:\/\/www.yvelinesradio.com\/radio\/wp-json\/wp\/v2\/users\/11"}],"replies":[{"embeddable":true,"href":"https:\/\/www.yvelinesradio.com\/radio\/wp-json\/wp\/v2\/comments?post=2193"}],"version-history":[{"count":0,"href":"https:\/\/www.yvelinesradio.com\/radio\/wp-json\/wp\/v2\/posts\/2193\/revisions"}],"wp:attachment":[{"href":"https:\/\/www.yvelinesradio.com\/radio\/wp-json\/wp\/v2\/media?parent=2193"}],"wp:term":[{"taxonomy":"category","embeddable":true,"href":"https:\/\/www.yvelinesradio.com\/radio\/wp-json\/wp\/v2\/categories?post=2193"},{"taxonomy":"post_tag","embeddable":true,"href":"https:\/\/www.yvelinesradio.com\/radio\/wp-json\/wp\/v2\/tags?post=2193"}],"curies":[{"name":"wp","href":"https:\/\/api.w.org\/{rel}","templated":true}]}}