{"id":2192,"date":"2025-12-02T00:00:00","date_gmt":"2025-12-02T00:00:00","guid":{"rendered":""},"modified":"2025-12-02T00:00:00","modified_gmt":"2025-12-02T00:00:00","slug":"20251204650199","status":"publish","type":"post","link":"https:\/\/www.yvelinesradio.com\/radio\/2025\/12\/02\/20251204650199\/","title":{"rendered":"\u00ab\u00a0POUR VOTRE BIEN La Peur install\u00e9e chez vous."},"content":{"rendered":"<figure class=\"wp-block-image size-full\"><img decoding=\"async\" src=\"https:\/\/www.yvelinesradio.com\/infos\/chroniques\/SORTIES_A_PARIS___POUR_VOTRE_BIEN_La_Peur_install_e_chez___4952549162.png\"alt=\"\" class=\"wp-image-32\" \/><\/figure><figure class=\"wp-block-audio\"><audio controls src=\"https:\/\/www.yvelinesradio.com\/infos\/chroniques\/SORTIES_A_PARIS___POUR_VOTRE_BIEN_La_Peur_install_e_chez___4207019038.mp3\"><\/audio><\/figure><p>\u00ab\u00a0Pour votre Bien\u00a0\u00bb et en sous-titre \u00ab\u00a0La Peur install\u00e9e chez vous\u00a0\u00bb.\r\n\r\n \r\n\r\nPOUR VOTRE BIEN \r\nCompagnie Hippocampe\r\n \r\nles 3T &#8211; Th\u00e9\u00e2tre du Troisi\u00e8me Type (Saint-Denis)\r\n\r\n \r\n\r\ndu 4 au 20 d\u00e9cembre\r\n\r\nDans une soci\u00e9t\u00e9 o\u00f9 tout est contr\u00f4l\u00e9, une femme voit son quotidien basculer quand l&rsquo;\u00e9quipe de fonctionnaires z\u00e9l\u00e9.e.s, les Michel.le.s, d\u00e9barque chez elle. Leur mission ? Installer la peur dans son foyer. C&rsquo;est la loi, c&rsquo;est pour le bien de tous. Tr\u00e8s vite, son salon se transforme en champ de bataille, o\u00f9 parano\u00efa m\u00e9diatique, panique orchestr\u00e9e, absurdit\u00e9s bureaucratiques et menaces existentielles se t\u00e9lescopent : guerre, effondrement climatique, ins\u00e9curit\u00e9. Jusqu&rsquo;o\u00f9 peut aller ce syst\u00e8me o\u00f9 la peur devient un spectacle ?\r\n\r\nConception et Mise en Sc\u00e8ne: Doroth\u00e9e MALFOY-NO\u00cbL &#038; Luis TORREAO\r\n\r\n \r\n\r\nAvec:\r\n\r\nRachi AFSAHI\r\n\r\nCosette DUBOIS\r\n\r\nDoroth\u00e9e MALFOY-NO\u00cbL\r\n\r\net en alternance: Laurent DESCHAMPS\r\n\r\nX\u00e9nia FRANCO\r\n\r\nSimon PIERZCHLEWICZ\r\n\r\nLuis TORREAO\r\n\r\n \r\n\r\nCr\u00e9ation Sonore: KIMMEA &#8211; D\u00e9borah PAUNOT\r\n\r\nLumi\u00e8res: S\u00e9bastien TARDON\r\n\r\nCostumes: Zino TOUAFEK\r\n\r\n \r\n\r\nDu 4 au 20 D\u00e9cembre 2025\r\n\r\nLes Jeudis et les Samedis \u00e0 19h30\r\n\r\n \r\n\r\nDur\u00e9e: 1h10\r\n\r\n \r\n\r\n\r\nTH\u00c9\u00c2TRE DU 3\u00e8me TYPE\r\n\r\n14, rue Saint-Just\r\n\r\n93200 St DENIS\r\n\r\n01 74 40 02 95\r\n\r\n \r\n\r\n \r\n\r\nRobert BONNARDOT<\/p>","protected":false},"excerpt":{"rendered":"<p>\u00ab\u00a0Pour votre Bien\u00a0\u00bb et en sous-titre \u00ab\u00a0La Peur install\u00e9e chez vous\u00a0\u00bb. POUR VOTRE BIEN Compagnie Hippocampe les 3T &#8211; Th\u00e9\u00e2tre du Troisi\u00e8me Type (Saint-Denis) du 4 au 20 d\u00e9cembre Dans une soci\u00e9t\u00e9 o\u00f9 tout est contr\u00f4l\u00e9, une femme voit son quotidien basculer quand l&rsquo;\u00e9quipe de fonctionnaires z\u00e9l\u00e9.e.s, les Michel.le.s, d\u00e9barque chez elle. Leur mission ? [&hellip;]<\/p>\n","protected":false},"author":11,"featured_media":0,"comment_status":"closed","ping_status":"open","sticky":false,"template":"","format":"standard","meta":{"footnotes":""},"categories":[],"tags":[],"_links":{"self":[{"href":"https:\/\/www.yvelinesradio.com\/radio\/wp-json\/wp\/v2\/posts\/2192"}],"collection":[{"href":"https:\/\/www.yvelinesradio.com\/radio\/wp-json\/wp\/v2\/posts"}],"about":[{"href":"https:\/\/www.yvelinesradio.com\/radio\/wp-json\/wp\/v2\/types\/post"}],"author":[{"embeddable":true,"href":"https:\/\/www.yvelinesradio.com\/radio\/wp-json\/wp\/v2\/users\/11"}],"replies":[{"embeddable":true,"href":"https:\/\/www.yvelinesradio.com\/radio\/wp-json\/wp\/v2\/comments?post=2192"}],"version-history":[{"count":0,"href":"https:\/\/www.yvelinesradio.com\/radio\/wp-json\/wp\/v2\/posts\/2192\/revisions"}],"wp:attachment":[{"href":"https:\/\/www.yvelinesradio.com\/radio\/wp-json\/wp\/v2\/media?parent=2192"}],"wp:term":[{"taxonomy":"category","embeddable":true,"href":"https:\/\/www.yvelinesradio.com\/radio\/wp-json\/wp\/v2\/categories?post=2192"},{"taxonomy":"post_tag","embeddable":true,"href":"https:\/\/www.yvelinesradio.com\/radio\/wp-json\/wp\/v2\/tags?post=2192"}],"curies":[{"name":"wp","href":"https:\/\/api.w.org\/{rel}","templated":true}]}}