{"id":2191,"date":"2025-12-02T00:00:00","date_gmt":"2025-12-02T00:00:00","guid":{"rendered":""},"modified":"2025-12-02T00:00:00","modified_gmt":"2025-12-02T00:00:00","slug":"20251204738120","status":"publish","type":"post","link":"https:\/\/www.yvelinesradio.com\/radio\/2025\/12\/02\/20251204738120\/","title":{"rendered":"\u00ab\u00a0Des Ombres et des Armes\u00a0\u00bb de retour !!!"},"content":{"rendered":"<figure class=\"wp-block-image size-full\"><img decoding=\"async\" src=\"https:\/\/www.yvelinesradio.com\/infos\/chroniques\/SORTIES_A_PARIS___Des_Ombres_et_des_Armes__de_retour______7290975593.png\"alt=\"\" class=\"wp-image-32\" \/><\/figure><figure class=\"wp-block-audio\"><audio controls src=\"https:\/\/www.yvelinesradio.com\/infos\/chroniques\/SORTIES_A_PARIS___Des_Ombres_et_des_Armes__de_retour______4751913885.mp3\"><\/audio><\/figure><p>Un spectacle que j&rsquo;avais beaucoup aim\u00e9, revient \u00e0 LA MANUFACTURE DES ABBESSES: \u00ab\u00a0DES OMBRES et DES ARMES\u00a0\u00bb\r\n\r\nVoici, ce que j&rsquo;en disais:\r\n\r\n \r\n\r\n\u00ab\u00a0Une pi\u00e8ce trait\u00e9e comme si c&rsquo;\u00e9tait un film, ou une excellente s\u00e9rie t\u00e9l\u00e9vis\u00e9e.\r\n\r\nUn groupe de la DGSI, parvient \u00e0 \u00e9viter  de justesse &#8211; un attentat, mais l&rsquo;un des djihadistes r\u00e9ussit \u00e0 prendre la fuite.\r\n\r\nLes policiers se d\u00e9chirent sur les mesures \u00e0 prendre pour le  retrouver et le mettre hors d&rsquo;\u00e9tat de nuire. Mais, parall\u00e8lement, on d\u00e9couvre la menace d&rsquo;une action d&rsquo;extr\u00e8me-droite, qui semble se dessiner&#8230;\r\n\r\nUn spectacle haletant, servi par une distribution tr\u00e8s brillante.\r\n\r\nAvec:\r\n\r\nCharif ETHAN AL RAMBLAT\r\n\r\nAur\u00e9lie CUVELIER-FAVIER\r\n\r\nMat\u00eaj HOFMANN\r\n\r\nMelki IZZOUKI\r\n\r\nRomain JULLIAND\r\n\r\nMorgan PEREZ\r\n\r\nSophie VONLANTHEN\r\n\r\n \r\n\r\nUne pi\u00e8ce de Yann REZEAU\r\n\r\n \r\n\r\nJusqu&rsquo;au 1er f\u00e9vrier 2026\r\n\r\nLes Samedis \u00e0 21h00 et les Dimanches \u00e0 17h00\r\n\r\n \r\n\r\nDur\u00e9e: 1h30\r\n\r\n \r\n\r\n\r\n \r\n\r\nTH\u00c9\u00c2TRE LA MANUFACTURE DES ABBESSES\r\n\r\n01 42 33 42 03\r\n\r\n \r\n\r\n \r\n\r\nRobert BONNARDOT<\/p>","protected":false},"excerpt":{"rendered":"<p>Un spectacle que j&rsquo;avais beaucoup aim\u00e9, revient \u00e0 LA MANUFACTURE DES ABBESSES: \u00ab\u00a0DES OMBRES et DES ARMES\u00a0\u00bb Voici, ce que j&rsquo;en disais: \u00ab\u00a0Une pi\u00e8ce trait\u00e9e comme si c&rsquo;\u00e9tait un film, ou une excellente s\u00e9rie t\u00e9l\u00e9vis\u00e9e. Un groupe de la DGSI, parvient \u00e0 \u00e9viter de justesse &#8211; un attentat, mais l&rsquo;un des djihadistes r\u00e9ussit \u00e0 prendre [&hellip;]<\/p>\n","protected":false},"author":11,"featured_media":0,"comment_status":"closed","ping_status":"open","sticky":false,"template":"","format":"standard","meta":{"footnotes":""},"categories":[],"tags":[],"_links":{"self":[{"href":"https:\/\/www.yvelinesradio.com\/radio\/wp-json\/wp\/v2\/posts\/2191"}],"collection":[{"href":"https:\/\/www.yvelinesradio.com\/radio\/wp-json\/wp\/v2\/posts"}],"about":[{"href":"https:\/\/www.yvelinesradio.com\/radio\/wp-json\/wp\/v2\/types\/post"}],"author":[{"embeddable":true,"href":"https:\/\/www.yvelinesradio.com\/radio\/wp-json\/wp\/v2\/users\/11"}],"replies":[{"embeddable":true,"href":"https:\/\/www.yvelinesradio.com\/radio\/wp-json\/wp\/v2\/comments?post=2191"}],"version-history":[{"count":0,"href":"https:\/\/www.yvelinesradio.com\/radio\/wp-json\/wp\/v2\/posts\/2191\/revisions"}],"wp:attachment":[{"href":"https:\/\/www.yvelinesradio.com\/radio\/wp-json\/wp\/v2\/media?parent=2191"}],"wp:term":[{"taxonomy":"category","embeddable":true,"href":"https:\/\/www.yvelinesradio.com\/radio\/wp-json\/wp\/v2\/categories?post=2191"},{"taxonomy":"post_tag","embeddable":true,"href":"https:\/\/www.yvelinesradio.com\/radio\/wp-json\/wp\/v2\/tags?post=2191"}],"curies":[{"name":"wp","href":"https:\/\/api.w.org\/{rel}","templated":true}]}}