{"id":2187,"date":"2025-12-02T00:00:00","date_gmt":"2025-12-02T00:00:00","guid":{"rendered":""},"modified":"2025-12-02T00:00:00","modified_gmt":"2025-12-02T00:00:00","slug":"202512033449","status":"publish","type":"post","link":"https:\/\/www.yvelinesradio.com\/radio\/2025\/12\/02\/202512033449\/","title":{"rendered":"Rencontre avec la musique"},"content":{"rendered":"<figure class=\"wp-block-image size-full\"><img decoding=\"async\" src=\"https:\/\/www.yvelinesradio.com\/infos\/emissions\/PIERRE_MINVIELLE_SEBASTIA__Rencontre_avec_la_musique__4631482061.png\"alt=\"\" class=\"wp-image-32\" \/><\/figure><figure class=\"wp-block-audio\"><audio controls src=\"https:\/\/www.yvelinesradio.com\/infos\/emissions\/PIERRE_MINVIELLE_SEBASTIA__Rencontre_avec_la_musique__0225810765.mp3\"><\/audio><\/figure><p>Nous \u00e9coutons et d\u00e9couvrons le Ma\u00eetre Henri Barraud, peu diffus\u00e9 de nos jours mais de nouveau \u00e0 l&rsquo;honneur sur notre antenne\u0085 <\/p>","protected":false},"excerpt":{"rendered":"<p>Nous \u00e9coutons et d\u00e9couvrons le Ma\u00eetre Henri Barraud, peu diffus\u00e9 de nos jours mais de nouveau \u00e0 l&rsquo;honneur sur notre antenne\u0085<\/p>\n","protected":false},"author":16,"featured_media":0,"comment_status":"closed","ping_status":"open","sticky":false,"template":"","format":"standard","meta":{"footnotes":""},"categories":[],"tags":[],"_links":{"self":[{"href":"https:\/\/www.yvelinesradio.com\/radio\/wp-json\/wp\/v2\/posts\/2187"}],"collection":[{"href":"https:\/\/www.yvelinesradio.com\/radio\/wp-json\/wp\/v2\/posts"}],"about":[{"href":"https:\/\/www.yvelinesradio.com\/radio\/wp-json\/wp\/v2\/types\/post"}],"author":[{"embeddable":true,"href":"https:\/\/www.yvelinesradio.com\/radio\/wp-json\/wp\/v2\/users\/16"}],"replies":[{"embeddable":true,"href":"https:\/\/www.yvelinesradio.com\/radio\/wp-json\/wp\/v2\/comments?post=2187"}],"version-history":[{"count":0,"href":"https:\/\/www.yvelinesradio.com\/radio\/wp-json\/wp\/v2\/posts\/2187\/revisions"}],"wp:attachment":[{"href":"https:\/\/www.yvelinesradio.com\/radio\/wp-json\/wp\/v2\/media?parent=2187"}],"wp:term":[{"taxonomy":"category","embeddable":true,"href":"https:\/\/www.yvelinesradio.com\/radio\/wp-json\/wp\/v2\/categories?post=2187"},{"taxonomy":"post_tag","embeddable":true,"href":"https:\/\/www.yvelinesradio.com\/radio\/wp-json\/wp\/v2\/tags?post=2187"}],"curies":[{"name":"wp","href":"https:\/\/api.w.org\/{rel}","templated":true}]}}