{"id":2186,"date":"2025-11-30T00:00:00","date_gmt":"2025-11-30T00:00:00","guid":{"rendered":""},"modified":"2025-11-30T00:00:00","modified_gmt":"2025-11-30T00:00:00","slug":"20251202207886","status":"publish","type":"post","link":"https:\/\/www.yvelinesradio.com\/radio\/2025\/11\/30\/20251202207886\/","title":{"rendered":"\u00ab\u00a0SILENT POOL\u00a0\u00bb au Funambule Montmartre"},"content":{"rendered":"<figure class=\"wp-block-image size-full\"><img decoding=\"async\" src=\"https:\/\/www.yvelinesradio.com\/infos\/chroniques\/SORTIES_A_PARIS___SILENT_POOL__au_Funambule_Montmartre__8117921377.jpg\"alt=\"\" class=\"wp-image-32\" \/><\/figure><figure class=\"wp-block-audio\"><audio controls src=\"https:\/\/www.yvelinesradio.com\/infos\/chroniques\/SORTIES_A_PARIS___SILENT_POOL__au_Funambule_Montmartre__1007767551.mp3\"><\/audio><\/figure><p>\u00ab\u00a0LA COMPAGNIE DES BALLONS ROUGES\u00a0\u00bb, nous propose un v\u00e9ritable bijou, tant par ses interpr\u00e8tes, que par cette interpr\u00e9tation de la disparition myst\u00e9rieuse de la romanci\u00e8re Agatha CHRISTIE, le 3 d\u00e9cembre 1926, que l&rsquo;on retrouvera dans une chambre d&rsquo;h\u00f4tel onze jours plus tard.\r\n\r\nL&rsquo;explication la plus vraisemblable, est un coup de publicit\u00e9 g\u00e9nial imagin\u00e9 par son \u00e9diteur.\r\n\r\nLa Compagnie des Ballons Rouges, nous a concoct\u00e9 une histoire tout \u00e0 fait digne de cette bonne Agatha.\r\n\r\n \r\n\r\nAlors, l&rsquo;Inspecteur Keward, second\u00e9 par son adjointe Hastings, m\u00eanent l&rsquo;enqu\u00eate !\r\n\r\n \r\n\r\nJe vous promets un tr\u00e8s bon moment, le public ne s&rsquo;y trompe pas, la salle \u00e9tait pleine !\r\n\r\nUne pi\u00e8ce chorale de:\r\n\r\nCarla GIROD\r\n\r\nAxel STEIN-KURDZIELEWICZ\r\n\r\nDrys PENTHIER\r\n\r\nAvec:\r\n\r\nCamille DELPECH\r\n\r\nDrys PENTHIER\r\n\r\n\u00c9milien RAINEAU\r\n\r\nJustine MAR\u00c7AIS\r\n\r\nCarla GIROD\r\n\r\nAxel STEIN-KURDZIELEWICZ\r\n\r\nEn voix Off: Val\u00e9rie FRAN\u00c7AIS\r\n\r\n \r\n\r\nCr\u00e9ation Lumi\u00e8res: Martin GANDRILLON\r\n\r\nMusique: Laurent LABRUY\u00c8RE\r\n\r\nUn d\u00e9cor intelligent et tr\u00e8s efficace que l&rsquo;on doit \u00e0:\r\n\r\nDavid LEGRAS\r\n\r\nJacques POIX TERRIER\r\n\r\nThalie AMOSS\u00c9\r\n\r\n \r\n\r\nUne Mise en Sc\u00e8ne, au cordeau, et tr\u00e8s r\u00e9ussie, de:\r\n\r\nDavid LEGRAS  &#038; Axel STEIN-KURDZIELEWICZ\r\n\r\n \r\n\r\nDur\u00e9e: 1h30\r\n\r\n \r\n\r\nJusqu&rsquo;au Dimanche 4 Janvier 2026\r\n\r\n \r\n\r\nLes Samedis \u00e0 17h00\r\n\r\nLes Dimanches \u00e0 16h00\r\n\r\n \r\n\r\n\r\nTH\u00c9\u00c2TRE LE FUNAMBULE MONTMARTRE\r\n\r\n01 42 23 88 83\r\n\r\n \r\n\r\n \r\n\r\nRobert BONNARDOT<\/p>","protected":false},"excerpt":{"rendered":"<p>\u00ab\u00a0LA COMPAGNIE DES BALLONS ROUGES\u00a0\u00bb, nous propose un v\u00e9ritable bijou, tant par ses interpr\u00e8tes, que par cette interpr\u00e9tation de la disparition myst\u00e9rieuse de la romanci\u00e8re Agatha CHRISTIE, le 3 d\u00e9cembre 1926, que l&rsquo;on retrouvera dans une chambre d&rsquo;h\u00f4tel onze jours plus tard. L&rsquo;explication la plus vraisemblable, est un coup de publicit\u00e9 g\u00e9nial imagin\u00e9 par son [&hellip;]<\/p>\n","protected":false},"author":11,"featured_media":0,"comment_status":"closed","ping_status":"open","sticky":false,"template":"","format":"standard","meta":{"footnotes":""},"categories":[],"tags":[],"_links":{"self":[{"href":"https:\/\/www.yvelinesradio.com\/radio\/wp-json\/wp\/v2\/posts\/2186"}],"collection":[{"href":"https:\/\/www.yvelinesradio.com\/radio\/wp-json\/wp\/v2\/posts"}],"about":[{"href":"https:\/\/www.yvelinesradio.com\/radio\/wp-json\/wp\/v2\/types\/post"}],"author":[{"embeddable":true,"href":"https:\/\/www.yvelinesradio.com\/radio\/wp-json\/wp\/v2\/users\/11"}],"replies":[{"embeddable":true,"href":"https:\/\/www.yvelinesradio.com\/radio\/wp-json\/wp\/v2\/comments?post=2186"}],"version-history":[{"count":0,"href":"https:\/\/www.yvelinesradio.com\/radio\/wp-json\/wp\/v2\/posts\/2186\/revisions"}],"wp:attachment":[{"href":"https:\/\/www.yvelinesradio.com\/radio\/wp-json\/wp\/v2\/media?parent=2186"}],"wp:term":[{"taxonomy":"category","embeddable":true,"href":"https:\/\/www.yvelinesradio.com\/radio\/wp-json\/wp\/v2\/categories?post=2186"},{"taxonomy":"post_tag","embeddable":true,"href":"https:\/\/www.yvelinesradio.com\/radio\/wp-json\/wp\/v2\/tags?post=2186"}],"curies":[{"name":"wp","href":"https:\/\/api.w.org\/{rel}","templated":true}]}}