{"id":2185,"date":"2025-12-01T00:00:00","date_gmt":"2025-12-01T00:00:00","guid":{"rendered":""},"modified":"2025-12-01T00:00:00","modified_gmt":"2025-12-01T00:00:00","slug":"20251202319100","status":"publish","type":"post","link":"https:\/\/www.yvelinesradio.com\/radio\/2025\/12\/01\/20251202319100\/","title":{"rendered":"Emmy Gues et Bertrand Lacy font refleurir leur spectacle \u00ab\u00a0Pivoine\u00a0\u00bb !"},"content":{"rendered":"<figure class=\"wp-block-image size-full\"><img decoding=\"async\" src=\"https:\/\/www.yvelinesradio.com\/infos\/emissions\/CATHERINE_BOUVIER__Emmy_Gues_et_Bertrand_Lacy_font_refleuri__1244160600.png\"alt=\"\" class=\"wp-image-32\" \/><\/figure><figure class=\"wp-block-audio\"><audio controls src=\"https:\/\/www.yvelinesradio.com\/infos\/emissions\/CATHERINE_BOUVIER__Emmy_Gues_et_Bertrand_Lacy_font_refleuri__0622780205.mp3\"><\/audio><\/figure><p>D\u00e9couvrez ou red\u00e9couvrez la musique kitsch, r\u00e9tro, d\u00e9cal\u00e9e propos\u00e9e par notre \u00e9quipe d&rsquo;experts en kitschologie : Olivier, Agn\u00e8s, Lucie &#038; le Professeur Depuipeu.\r\n\r\nRejoignez-nous pour une heure de d\u00e9lires kitschs ! Nous parlerons et chanterons \u00e0 vos oreilles\u0085 avec des fleurs cette semaine dans notre \u00e9mission ! Gr\u00e2ce \u00e0 nos deux invit\u00e9s Emmy Gues et Bertrand Lacy qui nous racontent avec humour et \u00e9motion l&rsquo;amour dans tous ses \u00e9tats\u0085 mais avec des fleurs dans le spectacle musical Pivoine qui fleurira \u00e0 nouveau au printemps prochain !\r\n\r\nLe duo vous convie en effet \u00e0 une conf\u00e9rence amoureuse pleine de tendresse et de po\u00e9sie sur la vie intime des v\u00e9g\u00e9taux et de la nature, mais pas seulement : accompagn\u00e9e par son in\u00e9narrable Professeur \u00e0 la guitare, la conf\u00e9renci\u00e8re Pivoine se raconte en filigrane, comme ils vous le prouveront en live acoustique dans l&rsquo;\u00e9mission, histoire que, telle cette jolie fleur \u00e9ph\u00e9m\u00e8re, vous rougissiez de plaisir\u0085\r\n\r\nEt la nature aura \u00e9galement touta se place dans la Videokitsch de la semaine : une reprise de \u00ab Shate it off \u00bb de Taylor Swift une cochonne nomm\u00e9e Rosita ! Il s&rsquo;agit de l&rsquo;un des personnages du film fran\u00e7ais d&rsquo;animation \u00ab Tous en sc\u00e8ne \u00bb, d&rsquo;apr\u00e8s la com\u00e9die musicale de Stanley Donen, avec une certaine Reese Witherspoon qui pr\u00eate sa voix au mammif\u00e8re rose\u0085\r\n\r\nNous r\u00e9unissons toutes ces oeuvres musicales, oubli\u00e9es ou jamais connues, dans notre \u00ab kitschenette \u00bb, pour vous mitonner une cuisine sonore nouvelle et non calorique (ou si peu\u0085) aux parfums in\u00e9dits et savoureux !\r\n\r\nRetrouvez-nous lundi de 19h \u00e0 20h, mercredi de 9h \u00e0 10h, et vendredi de 21h \u00e0 22h, sur Yvelines Radio. Pour le meilleur et pour le rire\u0085\r\n\r\nEt pour poursuivre l&rsquo;aventure, rendez-vous aussi sur notre site:\r\n\r\nhttp:\/\/www.kitschetnet.fr<\/p>","protected":false},"excerpt":{"rendered":"<p>D\u00e9couvrez ou red\u00e9couvrez la musique kitsch, r\u00e9tro, d\u00e9cal\u00e9e propos\u00e9e par notre \u00e9quipe d&rsquo;experts en kitschologie : Olivier, Agn\u00e8s, Lucie &#038; le Professeur Depuipeu. Rejoignez-nous pour une heure de d\u00e9lires kitschs ! Nous parlerons et chanterons \u00e0 vos oreilles\u0085 avec des fleurs cette semaine dans notre \u00e9mission ! Gr\u00e2ce \u00e0 nos deux invit\u00e9s Emmy Gues et [&hellip;]<\/p>\n","protected":false},"author":16,"featured_media":0,"comment_status":"closed","ping_status":"open","sticky":false,"template":"","format":"standard","meta":{"footnotes":""},"categories":[],"tags":[],"_links":{"self":[{"href":"https:\/\/www.yvelinesradio.com\/radio\/wp-json\/wp\/v2\/posts\/2185"}],"collection":[{"href":"https:\/\/www.yvelinesradio.com\/radio\/wp-json\/wp\/v2\/posts"}],"about":[{"href":"https:\/\/www.yvelinesradio.com\/radio\/wp-json\/wp\/v2\/types\/post"}],"author":[{"embeddable":true,"href":"https:\/\/www.yvelinesradio.com\/radio\/wp-json\/wp\/v2\/users\/16"}],"replies":[{"embeddable":true,"href":"https:\/\/www.yvelinesradio.com\/radio\/wp-json\/wp\/v2\/comments?post=2185"}],"version-history":[{"count":0,"href":"https:\/\/www.yvelinesradio.com\/radio\/wp-json\/wp\/v2\/posts\/2185\/revisions"}],"wp:attachment":[{"href":"https:\/\/www.yvelinesradio.com\/radio\/wp-json\/wp\/v2\/media?parent=2185"}],"wp:term":[{"taxonomy":"category","embeddable":true,"href":"https:\/\/www.yvelinesradio.com\/radio\/wp-json\/wp\/v2\/categories?post=2185"},{"taxonomy":"post_tag","embeddable":true,"href":"https:\/\/www.yvelinesradio.com\/radio\/wp-json\/wp\/v2\/tags?post=2185"}],"curies":[{"name":"wp","href":"https:\/\/api.w.org\/{rel}","templated":true}]}}