{"id":2183,"date":"2025-12-01T00:00:00","date_gmt":"2025-12-01T00:00:00","guid":{"rendered":""},"modified":"2025-12-01T00:00:00","modified_gmt":"2025-12-01T00:00:00","slug":"20251202818865","status":"publish","type":"post","link":"https:\/\/www.yvelinesradio.com\/radio\/2025\/12\/01\/20251202818865\/","title":{"rendered":"Les talents du jazz"},"content":{"rendered":"<figure class=\"wp-block-image size-full\"><img decoding=\"async\" src=\"https:\/\/www.yvelinesradio.com\/infos\/emissions\/PIERRE_MINVIELLE_SEBASTIA__Les_talents_du_jazz__2924353110.jpg\"alt=\"\" class=\"wp-image-32\" \/><\/figure><figure class=\"wp-block-audio\"><audio controls src=\"https:\/\/www.yvelinesradio.com\/infos\/emissions\/PIERRE_MINVIELLE_SEBASTIA__Les_talents_du_jazz__8552480593.mp3\"><\/audio><\/figure><p>La Nouvelle Orl\u00e9ans, une r\u00e9gion qui a couv\u00e9 le jazz typique qu&rsquo;on lui conna\u00eet. Capitale? B\u00e2ton rouge!<\/p>","protected":false},"excerpt":{"rendered":"<p>La Nouvelle Orl\u00e9ans, une r\u00e9gion qui a couv\u00e9 le jazz typique qu&rsquo;on lui conna\u00eet. Capitale? B\u00e2ton rouge!<\/p>\n","protected":false},"author":16,"featured_media":0,"comment_status":"closed","ping_status":"open","sticky":false,"template":"","format":"standard","meta":{"footnotes":""},"categories":[],"tags":[],"_links":{"self":[{"href":"https:\/\/www.yvelinesradio.com\/radio\/wp-json\/wp\/v2\/posts\/2183"}],"collection":[{"href":"https:\/\/www.yvelinesradio.com\/radio\/wp-json\/wp\/v2\/posts"}],"about":[{"href":"https:\/\/www.yvelinesradio.com\/radio\/wp-json\/wp\/v2\/types\/post"}],"author":[{"embeddable":true,"href":"https:\/\/www.yvelinesradio.com\/radio\/wp-json\/wp\/v2\/users\/16"}],"replies":[{"embeddable":true,"href":"https:\/\/www.yvelinesradio.com\/radio\/wp-json\/wp\/v2\/comments?post=2183"}],"version-history":[{"count":0,"href":"https:\/\/www.yvelinesradio.com\/radio\/wp-json\/wp\/v2\/posts\/2183\/revisions"}],"wp:attachment":[{"href":"https:\/\/www.yvelinesradio.com\/radio\/wp-json\/wp\/v2\/media?parent=2183"}],"wp:term":[{"taxonomy":"category","embeddable":true,"href":"https:\/\/www.yvelinesradio.com\/radio\/wp-json\/wp\/v2\/categories?post=2183"},{"taxonomy":"post_tag","embeddable":true,"href":"https:\/\/www.yvelinesradio.com\/radio\/wp-json\/wp\/v2\/tags?post=2183"}],"curies":[{"name":"wp","href":"https:\/\/api.w.org\/{rel}","templated":true}]}}