{"id":2180,"date":"2025-11-29T00:00:00","date_gmt":"2025-11-29T00:00:00","guid":{"rendered":""},"modified":"2025-11-29T00:00:00","modified_gmt":"2025-11-29T00:00:00","slug":"20251201734342","status":"publish","type":"post","link":"https:\/\/www.yvelinesradio.com\/radio\/2025\/11\/29\/20251201734342\/","title":{"rendered":"\u00ab\u00a0STOMP\u00a0\u00bb \u00e0 LA CIGALE"},"content":{"rendered":"<figure class=\"wp-block-image size-full\"><img decoding=\"async\" src=\"https:\/\/www.yvelinesradio.com\/infos\/chroniques\/SORTIES_A_PARIS___STOMP____LA_CIGALE__3506421987.jpg\"alt=\"\" class=\"wp-image-32\" \/><\/figure><figure class=\"wp-block-audio\"><audio controls src=\"https:\/\/www.yvelinesradio.com\/infos\/chroniques\/SORTIES_A_PARIS___STOMP____LA_CIGALE__3608079781.mp3\"><\/audio><\/figure><p>Un spectacle fantastique, d\u00e9j\u00e0 vu par 15 millions de spectateurs dans le monde.\r\n\r\nJ&rsquo;ai eu le plaisir de d\u00e9couvrir \u00ab\u00a0STOMP\u00a0\u00bb en 2023, et je disais:\r\n\r\n\u00ab\u00a0Ces huit artistes font du rythme avec tout ce qu&rsquo;ils trouvent, en plus c&rsquo;est tr\u00e8s  dr\u00f4le et la chor\u00e9graphie est fantastique.\r\n\r\nHier soir, la salle \u00e9tait de tout coeur et de tout choeur avec eux !\r\n\r\nLeur succ\u00e8s est mondial, un Show tr\u00e8s original, on en prend plein les oreilles et toute la salle participe au spectacle.\u00a0\u00bb\r\n\r\n \r\n\r\nSi vous cherchez une bonne soir\u00e9e, tr\u00e8s rythm\u00e9e, ne manquez pas \u00ab\u00a0STOMP\u00a0\u00bb.\r\n\r\n \r\n\r\nDur\u00e9e: 1h45\r\n\r\nDu 9 D\u00e9cembre 2025 au 18 Janvier 2026\r\n\r\nDu Mardi au Vendredi \u00e0 20h00\r\n\r\nLes Samedis \u00e0 16h00 et \u00e0 20h00\r\n\r\nLes Dimanches \u00e0 14h00 et \u00e0 17h00\r\n\r\n \r\n\r\n\r\nTH\u00c9\u00c2TRE LA CIGALE\r\n\r\n01 49 25 89 99\r\n\r\n \r\n\r\nRobert BONNARDOT<\/p>","protected":false},"excerpt":{"rendered":"<p>Un spectacle fantastique, d\u00e9j\u00e0 vu par 15 millions de spectateurs dans le monde. J&rsquo;ai eu le plaisir de d\u00e9couvrir \u00ab\u00a0STOMP\u00a0\u00bb en 2023, et je disais: \u00ab\u00a0Ces huit artistes font du rythme avec tout ce qu&rsquo;ils trouvent, en plus c&rsquo;est tr\u00e8s dr\u00f4le et la chor\u00e9graphie est fantastique. Hier soir, la salle \u00e9tait de tout coeur et [&hellip;]<\/p>\n","protected":false},"author":11,"featured_media":0,"comment_status":"closed","ping_status":"open","sticky":false,"template":"","format":"standard","meta":{"footnotes":""},"categories":[],"tags":[],"_links":{"self":[{"href":"https:\/\/www.yvelinesradio.com\/radio\/wp-json\/wp\/v2\/posts\/2180"}],"collection":[{"href":"https:\/\/www.yvelinesradio.com\/radio\/wp-json\/wp\/v2\/posts"}],"about":[{"href":"https:\/\/www.yvelinesradio.com\/radio\/wp-json\/wp\/v2\/types\/post"}],"author":[{"embeddable":true,"href":"https:\/\/www.yvelinesradio.com\/radio\/wp-json\/wp\/v2\/users\/11"}],"replies":[{"embeddable":true,"href":"https:\/\/www.yvelinesradio.com\/radio\/wp-json\/wp\/v2\/comments?post=2180"}],"version-history":[{"count":0,"href":"https:\/\/www.yvelinesradio.com\/radio\/wp-json\/wp\/v2\/posts\/2180\/revisions"}],"wp:attachment":[{"href":"https:\/\/www.yvelinesradio.com\/radio\/wp-json\/wp\/v2\/media?parent=2180"}],"wp:term":[{"taxonomy":"category","embeddable":true,"href":"https:\/\/www.yvelinesradio.com\/radio\/wp-json\/wp\/v2\/categories?post=2180"},{"taxonomy":"post_tag","embeddable":true,"href":"https:\/\/www.yvelinesradio.com\/radio\/wp-json\/wp\/v2\/tags?post=2180"}],"curies":[{"name":"wp","href":"https:\/\/api.w.org\/{rel}","templated":true}]}}