{"id":2179,"date":"2025-11-29T00:00:00","date_gmt":"2025-11-29T00:00:00","guid":{"rendered":""},"modified":"2025-11-29T00:00:00","modified_gmt":"2025-11-29T00:00:00","slug":"20251201442408","status":"publish","type":"post","link":"https:\/\/www.yvelinesradio.com\/radio\/2025\/11\/29\/20251201442408\/","title":{"rendered":"\u00ab\u00a0AU NON DU P\u00c8RE\u00a0\u00bb au Th\u00e9\u00e2tre de BELLEVILLE"},"content":{"rendered":"<figure class=\"wp-block-image size-full\"><img decoding=\"async\" src=\"https:\/\/www.yvelinesradio.com\/infos\/chroniques\/SORTIES_A_PARIS___AU_NON_DU_P_RE__au_Th__tre_de_BELLEVILL__2466582795.jpg\"alt=\"\" class=\"wp-image-32\" \/><\/figure><figure class=\"wp-block-audio\"><audio controls src=\"https:\/\/www.yvelinesradio.com\/infos\/chroniques\/SORTIES_A_PARIS___AU_NON_DU_P_RE__au_Th__tre_de_BELLEVILL__9904331543.mp3\"><\/audio><\/figure><p>\u00c0 l&rsquo;occasion d&rsquo;un reportage sur TF1, Anissa pense reconnaitre son p\u00e8re qu&rsquo;elle n&rsquo;a jamais vu.\r\n\r\nAhmed MADANI, lui propose de l&rsquo;accompagner et de partir \u00e0 sa recherche au fin fond du New Hampshire, un \u00e9tat  Nord Am\u00e9ricain \u00e0 la fronti\u00e8re proche du Canada.\r\n\r\nC&rsquo;est ce pr\u00e9riple, qui fait l&rsquo;objet de ce spectacle, dont l&rsquo;intimit\u00e9 n&rsquo;\u00e9chappera \u00e0 personne&#8230;\r\n\r\nTexte et Mise en Sc\u00e8ne: Ahmed MADANI\r\n\r\n \r\n\r\nAvec:\r\n\r\nAnissa et Ahmed\r\n\r\n \r\n\r\nCr\u00e9ation Sonore: Christophe S\u00c9CHET\r\n\r\nVid\u00e9os: Bastien CHOQUET\r\n\r\n \r\n\r\nDur\u00e9e: 1h30\r\n\r\n \r\n\r\nDu 02 D\u00e9cembre 2025 au 27 F\u00e9vrier 2026\r\n\r\n \r\n\r\nEn D\u00e9cembre: Les Mardis \u00e0 16h00\r\n\r\nDu Mercredi au Vendredi \u00e0  19h00\r\n\r\nLes Samedis \u00e0 12h30 et 21h15\r\n\r\nLes Dimanches \u00e0 15h00\r\n\r\n \r\n\r\nEn Janvier:\r\n\r\nLes Jeudis et Vendredis \u00e0 21h15\r\n\r\nLes Samedis \u00e0 19h00 et les Dimanches \u00e0 15h00\r\n\r\n \r\n\r\nEn F\u00e9vrier: \r\n\r\nDu Jeudi au Samedi \u00e0 19h00\r\n\r\nLes Dimanches \u00e0 15h00\r\n\r\n \r\n\r\n\r\n \r\n\r\nTH\u00c9\u00c2TRE DE BELLEVILLE\r\n\r\n01 48 06 72 34\r\n\r\n \r\n\r\nRobert BONNARDOT<\/p>","protected":false},"excerpt":{"rendered":"<p>\u00c0 l&rsquo;occasion d&rsquo;un reportage sur TF1, Anissa pense reconnaitre son p\u00e8re qu&rsquo;elle n&rsquo;a jamais vu. Ahmed MADANI, lui propose de l&rsquo;accompagner et de partir \u00e0 sa recherche au fin fond du New Hampshire, un \u00e9tat Nord Am\u00e9ricain \u00e0 la fronti\u00e8re proche du Canada. C&rsquo;est ce pr\u00e9riple, qui fait l&rsquo;objet de ce spectacle, dont l&rsquo;intimit\u00e9 n&rsquo;\u00e9chappera [&hellip;]<\/p>\n","protected":false},"author":11,"featured_media":0,"comment_status":"closed","ping_status":"open","sticky":false,"template":"","format":"standard","meta":{"footnotes":""},"categories":[],"tags":[],"_links":{"self":[{"href":"https:\/\/www.yvelinesradio.com\/radio\/wp-json\/wp\/v2\/posts\/2179"}],"collection":[{"href":"https:\/\/www.yvelinesradio.com\/radio\/wp-json\/wp\/v2\/posts"}],"about":[{"href":"https:\/\/www.yvelinesradio.com\/radio\/wp-json\/wp\/v2\/types\/post"}],"author":[{"embeddable":true,"href":"https:\/\/www.yvelinesradio.com\/radio\/wp-json\/wp\/v2\/users\/11"}],"replies":[{"embeddable":true,"href":"https:\/\/www.yvelinesradio.com\/radio\/wp-json\/wp\/v2\/comments?post=2179"}],"version-history":[{"count":0,"href":"https:\/\/www.yvelinesradio.com\/radio\/wp-json\/wp\/v2\/posts\/2179\/revisions"}],"wp:attachment":[{"href":"https:\/\/www.yvelinesradio.com\/radio\/wp-json\/wp\/v2\/media?parent=2179"}],"wp:term":[{"taxonomy":"category","embeddable":true,"href":"https:\/\/www.yvelinesradio.com\/radio\/wp-json\/wp\/v2\/categories?post=2179"},{"taxonomy":"post_tag","embeddable":true,"href":"https:\/\/www.yvelinesradio.com\/radio\/wp-json\/wp\/v2\/tags?post=2179"}],"curies":[{"name":"wp","href":"https:\/\/api.w.org\/{rel}","templated":true}]}}