{"id":2176,"date":"2025-11-28T00:00:00","date_gmt":"2025-11-28T00:00:00","guid":{"rendered":""},"modified":"2025-11-28T00:00:00","modified_gmt":"2025-11-28T00:00:00","slug":"20251130722271","status":"publish","type":"post","link":"https:\/\/www.yvelinesradio.com\/radio\/2025\/11\/28\/20251130722271\/","title":{"rendered":"\u00ab\u00a0L&rsquo;OP\u00c9RA C&rsquo;EST (PAS) POUR MOI\u00a0\u00bb"},"content":{"rendered":"<figure class=\"wp-block-image size-full\"><img decoding=\"async\" src=\"https:\/\/www.yvelinesradio.com\/infos\/chroniques\/SORTIES_A_PARIS___L_OP_RA_C_EST__PAS__POUR_MOI___8453545091.jpeg\"alt=\"\" class=\"wp-image-32\" \/><\/figure><figure class=\"wp-block-audio\"><audio controls src=\"https:\/\/www.yvelinesradio.com\/infos\/chroniques\/SORTIES_A_PARIS___L_OP_RA_C_EST__PAS__POUR_MOI___8273825669.mp3\"><\/audio><\/figure><p>Un spectacle\/Conf\u00e9rence \u00e9crit et Mis en Sc\u00e8ne par Daphn\u00e9 HACQUARD, com\u00e9dienne et chanteuse.\r\n\r\nL&rsquo;OP\u00c9RA C&rsquo;EST POUR MOI\r\n\r\nUne id\u00e9e originale pour \u00e9voquer le r\u00e9pertoire grand public de l&rsquo;Op\u00e9ra, un Show qui va enchanter les petits comme les grands, une agr\u00e9able sortie familiale.\r\n\r\n \r\n\r\nAvec aussi, la chanteuse lyrique: Aur\u00e9lie de SOL\u00c8RE\r\n\r\n \r\n\r\n\r\n \r\n\r\nDaphn\u00e9  HACQUARD\r\n\r\n \r\n\r\n\r\n \r\n\r\nAur\u00e9lie de SOL\u00c8RE\r\n\r\n \r\n\r\nJusqu&rsquo;au 11 Avril 2026\r\n\r\nLes Samedis \u00e0 14h30\r\n\r\n \r\n\r\nDur\u00e9e: 1h00\r\n\r\n \r\n\r\n\r\n \r\n\r\nTH\u00c9\u00c2TRE DU GYMNASE\r\n\r\nStudio Marie-Bell\r\n\r\n0 891 03 14 83\r\n\r\n \r\n\r\n \r\n\r\nRobert BONNARDOT<\/p>","protected":false},"excerpt":{"rendered":"<p>Un spectacle\/Conf\u00e9rence \u00e9crit et Mis en Sc\u00e8ne par Daphn\u00e9 HACQUARD, com\u00e9dienne et chanteuse. L&rsquo;OP\u00c9RA C&rsquo;EST POUR MOI Une id\u00e9e originale pour \u00e9voquer le r\u00e9pertoire grand public de l&rsquo;Op\u00e9ra, un Show qui va enchanter les petits comme les grands, une agr\u00e9able sortie familiale. Avec aussi, la chanteuse lyrique: Aur\u00e9lie de SOL\u00c8RE Daphn\u00e9 HACQUARD Aur\u00e9lie de SOL\u00c8RE [&hellip;]<\/p>\n","protected":false},"author":11,"featured_media":0,"comment_status":"closed","ping_status":"open","sticky":false,"template":"","format":"standard","meta":{"footnotes":""},"categories":[],"tags":[],"_links":{"self":[{"href":"https:\/\/www.yvelinesradio.com\/radio\/wp-json\/wp\/v2\/posts\/2176"}],"collection":[{"href":"https:\/\/www.yvelinesradio.com\/radio\/wp-json\/wp\/v2\/posts"}],"about":[{"href":"https:\/\/www.yvelinesradio.com\/radio\/wp-json\/wp\/v2\/types\/post"}],"author":[{"embeddable":true,"href":"https:\/\/www.yvelinesradio.com\/radio\/wp-json\/wp\/v2\/users\/11"}],"replies":[{"embeddable":true,"href":"https:\/\/www.yvelinesradio.com\/radio\/wp-json\/wp\/v2\/comments?post=2176"}],"version-history":[{"count":0,"href":"https:\/\/www.yvelinesradio.com\/radio\/wp-json\/wp\/v2\/posts\/2176\/revisions"}],"wp:attachment":[{"href":"https:\/\/www.yvelinesradio.com\/radio\/wp-json\/wp\/v2\/media?parent=2176"}],"wp:term":[{"taxonomy":"category","embeddable":true,"href":"https:\/\/www.yvelinesradio.com\/radio\/wp-json\/wp\/v2\/categories?post=2176"},{"taxonomy":"post_tag","embeddable":true,"href":"https:\/\/www.yvelinesradio.com\/radio\/wp-json\/wp\/v2\/tags?post=2176"}],"curies":[{"name":"wp","href":"https:\/\/api.w.org\/{rel}","templated":true}]}}