{"id":2175,"date":"2025-11-28T00:00:00","date_gmt":"2025-11-28T00:00:00","guid":{"rendered":""},"modified":"2025-11-28T00:00:00","modified_gmt":"2025-11-28T00:00:00","slug":"20251130781831","status":"publish","type":"post","link":"https:\/\/www.yvelinesradio.com\/radio\/2025\/11\/28\/20251130781831\/","title":{"rendered":"\u00ab\u00a0G\u00c9N\u00c9RATION C\u00c9LINE\u00a0\u00bb au D\u00f4me de Paris"},"content":{"rendered":"<figure class=\"wp-block-image size-full\"><img decoding=\"async\" src=\"https:\/\/www.yvelinesradio.com\/infos\/chroniques\/SORTIES_A_PARIS___G_N_RATION_C_LINE__au_D_me_de_Paris__7081944298.jpg\"alt=\"\" class=\"wp-image-32\" \/><\/figure><figure class=\"wp-block-audio\"><audio controls src=\"https:\/\/www.yvelinesradio.com\/infos\/chroniques\/SORTIES_A_PARIS___G_N_RATION_C_LINE__au_D_me_de_Paris__0503206237.mp3\"><\/audio><\/figure><p>Ce spectacle en hommage aux chansons de C\u00e9line DION, donne l&rsquo;opportunit\u00e9 d&rsquo;un \u00ab\u00a0Tribute\u00a0\u00bb, pour c\u00e9l\u00e9brer le r\u00e9pertoire de la vedette internationale.\r\n\r\nC&rsquo;est la m\u00eame production que \u00ab\u00a0L&rsquo;H\u00e9ritage Goldman\u00a0\u00bb, qui remporte un vif succ\u00e8s.\r\n\r\nQuatre voix \u00e9blouissantes, dont je ne peux pas donner les noms, impossible \u00e0 trouver?\r\n\r\n\r\n \r\n\r\nCe Show est en tourn\u00e9e, partout en France, et fera halte au D\u00f4me de Paris le 6 f\u00e9vrier 2026 \u00e0 20h30.\r\n\r\n \r\n\r\nDirection Artistique: Erick BENZI.\r\n\r\nDur\u00e9e: 2h00\r\n\r\n \r\n\r\n\r\n \r\n\r\nLE D\u00d4ME DE PARIS\r\n\r\nPalais des Sports\r\n\r\n01 42 28 40 10\r\n\r\n \r\n\r\n \r\n\r\nRobert BONNARDOT<\/p>","protected":false},"excerpt":{"rendered":"<p>Ce spectacle en hommage aux chansons de C\u00e9line DION, donne l&rsquo;opportunit\u00e9 d&rsquo;un \u00ab\u00a0Tribute\u00a0\u00bb, pour c\u00e9l\u00e9brer le r\u00e9pertoire de la vedette internationale. C&rsquo;est la m\u00eame production que \u00ab\u00a0L&rsquo;H\u00e9ritage Goldman\u00a0\u00bb, qui remporte un vif succ\u00e8s. Quatre voix \u00e9blouissantes, dont je ne peux pas donner les noms, impossible \u00e0 trouver? Ce Show est en tourn\u00e9e, partout en France, [&hellip;]<\/p>\n","protected":false},"author":11,"featured_media":0,"comment_status":"closed","ping_status":"open","sticky":false,"template":"","format":"standard","meta":{"footnotes":""},"categories":[],"tags":[],"_links":{"self":[{"href":"https:\/\/www.yvelinesradio.com\/radio\/wp-json\/wp\/v2\/posts\/2175"}],"collection":[{"href":"https:\/\/www.yvelinesradio.com\/radio\/wp-json\/wp\/v2\/posts"}],"about":[{"href":"https:\/\/www.yvelinesradio.com\/radio\/wp-json\/wp\/v2\/types\/post"}],"author":[{"embeddable":true,"href":"https:\/\/www.yvelinesradio.com\/radio\/wp-json\/wp\/v2\/users\/11"}],"replies":[{"embeddable":true,"href":"https:\/\/www.yvelinesradio.com\/radio\/wp-json\/wp\/v2\/comments?post=2175"}],"version-history":[{"count":0,"href":"https:\/\/www.yvelinesradio.com\/radio\/wp-json\/wp\/v2\/posts\/2175\/revisions"}],"wp:attachment":[{"href":"https:\/\/www.yvelinesradio.com\/radio\/wp-json\/wp\/v2\/media?parent=2175"}],"wp:term":[{"taxonomy":"category","embeddable":true,"href":"https:\/\/www.yvelinesradio.com\/radio\/wp-json\/wp\/v2\/categories?post=2175"},{"taxonomy":"post_tag","embeddable":true,"href":"https:\/\/www.yvelinesradio.com\/radio\/wp-json\/wp\/v2\/tags?post=2175"}],"curies":[{"name":"wp","href":"https:\/\/api.w.org\/{rel}","templated":true}]}}