{"id":2174,"date":"2025-11-27T00:00:00","date_gmt":"2025-11-27T00:00:00","guid":{"rendered":""},"modified":"2025-11-27T00:00:00","modified_gmt":"2025-11-27T00:00:00","slug":"20251129719453","status":"publish","type":"post","link":"https:\/\/www.yvelinesradio.com\/radio\/2025\/11\/27\/20251129719453\/","title":{"rendered":"\u00ab\u00a0LE PHOENIX DE CES DAMES\u00a0\u00bb est de retour !!!"},"content":{"rendered":"<figure class=\"wp-block-image size-full\"><img decoding=\"async\" src=\"https:\/\/www.yvelinesradio.com\/infos\/chroniques\/SORTIES_A_PARIS___LE_PHOENIX_DE_CES_DAMES__est_de_retour___8591632373.jpg\"alt=\"\" class=\"wp-image-32\" \/><\/figure><figure class=\"wp-block-audio\"><audio controls src=\"https:\/\/www.yvelinesradio.com\/infos\/chroniques\/SORTIES_A_PARIS___LE_PHOENIX_DE_CES_DAMES__est_de_retour___4216426658.mp3\"><\/audio><\/figure><p>Un super spectacle, que je conseille tr\u00e8s vivement, est de retour au Studio H\u00e9bertot.\r\n\r\nVoici, ce que j&rsquo;en disais:\r\n\r\n \r\n\r\n\u00ab\u00a0\u00c0 l&rsquo;entr\u00e9e de la salle, on nous offre un Mashmallow, et nous sommes aussit\u00f4t dans l&rsquo;univers sucr\u00e9 de ce spectacle qui ne ressemble \u00e0 rien d&rsquo;autre.\r\n\r\nLe fameux \u00ab\u00a0Phoenix\u00a0\u00bb, ador\u00e9 par \u00ab\u00a0ces dames\u00a0\u00bb, c&rsquo;est un clavier, qui est la Rolls Royce du genre, une vraie prouesse technologique fran\u00e7aise.\r\n\r\nUn son bluffant, qui nous fait surfer  sur Rossini, Lavignac, Chopin, Litz, Bach, Bizet, Beethoven, Mozart et m\u00eame Jacques Revaux.\r\n\r\nUne Mise en Sc\u00e8ne baroque et burlesque, o\u00f9 trois virtuoses, lesquelles dans toutes les positions, nous font admirer leur interpr\u00e9tation \u00e0 30 doigts.\r\n\r\nUne vraie r\u00e9cr\u00e9ation !!!\u00a0\u00bb\r\n\r\nUn r\u00e9cital de trois pianistes en d\u00e9lire ! C&rsquo;est dr\u00f4le et tr\u00e8s talentueux !!! \u00c0 voir, et m\u00eame \u00e0 revoir !!!\r\n\r\n \r\n\r\nAvec:\r\nVal\u00e9rie GU\u00c9RIN-DESCOUTURELLE\r\n\r\nV\u00e9ronique DURVILLE\r\n\r\nLucie CHOUVEL  ou Christine FONLUPT\r\n\r\n \r\n\r\nLumi\u00e8res: Emmanuel DELAIRE\r\n\r\n \r\n\r\nMise en Sc\u00e8ne:  Genevi\u00e8ve BRETT\r\n\r\n \r\n\r\nDur\u00e9e: 1h05\r\n\r\n \r\n\r\nDu 6 D\u00e9cembre 2025 au 28 F\u00e9vrier 2026\r\n\r\nLes Samedis \u00e0 14h30\r\n\r\n \r\n\r\n \r\n\r\n\r\n \r\n\r\nSTUDIO H\u00c9BERTOT\r\n\r\n01 42 93 13 04\r\n\r\n \r\n\r\n \r\n\r\nRobert BONNARDOT<\/p>","protected":false},"excerpt":{"rendered":"<p>Un super spectacle, que je conseille tr\u00e8s vivement, est de retour au Studio H\u00e9bertot. Voici, ce que j&rsquo;en disais: \u00ab\u00a0\u00c0 l&rsquo;entr\u00e9e de la salle, on nous offre un Mashmallow, et nous sommes aussit\u00f4t dans l&rsquo;univers sucr\u00e9 de ce spectacle qui ne ressemble \u00e0 rien d&rsquo;autre. Le fameux \u00ab\u00a0Phoenix\u00a0\u00bb, ador\u00e9 par \u00ab\u00a0ces dames\u00a0\u00bb, c&rsquo;est un clavier, [&hellip;]<\/p>\n","protected":false},"author":11,"featured_media":0,"comment_status":"closed","ping_status":"open","sticky":false,"template":"","format":"standard","meta":{"footnotes":""},"categories":[],"tags":[],"_links":{"self":[{"href":"https:\/\/www.yvelinesradio.com\/radio\/wp-json\/wp\/v2\/posts\/2174"}],"collection":[{"href":"https:\/\/www.yvelinesradio.com\/radio\/wp-json\/wp\/v2\/posts"}],"about":[{"href":"https:\/\/www.yvelinesradio.com\/radio\/wp-json\/wp\/v2\/types\/post"}],"author":[{"embeddable":true,"href":"https:\/\/www.yvelinesradio.com\/radio\/wp-json\/wp\/v2\/users\/11"}],"replies":[{"embeddable":true,"href":"https:\/\/www.yvelinesradio.com\/radio\/wp-json\/wp\/v2\/comments?post=2174"}],"version-history":[{"count":0,"href":"https:\/\/www.yvelinesradio.com\/radio\/wp-json\/wp\/v2\/posts\/2174\/revisions"}],"wp:attachment":[{"href":"https:\/\/www.yvelinesradio.com\/radio\/wp-json\/wp\/v2\/media?parent=2174"}],"wp:term":[{"taxonomy":"category","embeddable":true,"href":"https:\/\/www.yvelinesradio.com\/radio\/wp-json\/wp\/v2\/categories?post=2174"},{"taxonomy":"post_tag","embeddable":true,"href":"https:\/\/www.yvelinesradio.com\/radio\/wp-json\/wp\/v2\/tags?post=2174"}],"curies":[{"name":"wp","href":"https:\/\/api.w.org\/{rel}","templated":true}]}}