{"id":2173,"date":"2025-11-26T00:00:00","date_gmt":"2025-11-26T00:00:00","guid":{"rendered":""},"modified":"2025-11-26T00:00:00","modified_gmt":"2025-11-26T00:00:00","slug":"20251128342721","status":"publish","type":"post","link":"https:\/\/www.yvelinesradio.com\/radio\/2025\/11\/26\/20251128342721\/","title":{"rendered":"\u00ab\u00a0Le Destin se Moque des Choix\u00a0\u00bb Repr\u00e9sentation Exceptionnelle"},"content":{"rendered":"<figure class=\"wp-block-image size-full\"><img decoding=\"async\" src=\"https:\/\/www.yvelinesradio.com\/infos\/chroniques\/SORTIES_A_PARIS___Le_Destin_se_Moque_des_Choix__Repr_sent__4731940194.png\"alt=\"\" class=\"wp-image-32\" \/><\/figure><figure class=\"wp-block-audio\"><audio controls src=\"https:\/\/www.yvelinesradio.com\/infos\/chroniques\/SORTIES_A_PARIS___Le_Destin_se_Moque_des_Choix__Repr_sent__7875950241.mp3\"><\/audio><\/figure><p>J&rsquo;ai  chaudement recommand\u00e9 cette pi\u00e8ce, \u00e0 plusieurs reprises, et je vous encourage \u00e0 venir la voir, le Samedi 13 D\u00e9cembre \u00e0 18h30, au Profit de la \u00ab\u00a0Lutte contre le Cancer du Sein\u00a0\u00bb.\r\n\r\n\r\nVoici, ce que j&rsquo;en disais:\r\n\r\n \r\n\r\n\u00ab\u00a0Un spectacle \u00e9mouvant, que j&rsquo;ai vu en 2024, et qui a fait un tr\u00e8s grand succ\u00e8s, lors du dernier Festival Off 2025, en Avignon.\r\n\r\n \r\n\r\nMathilde attend des nouvelles de son mari, apr\u00e8s un incendie, tandis que Pilar esp\u00e8re des r\u00e9ponses sur l&rsquo;\u00e9tat de son fils, apr\u00e8s un accident&#8230;\r\n\r\nDeux destins, qui viennent de basculer&#8230;\r\n\r\n\u00ab\u00a0Une excellente pi\u00e8ce o\u00f9 se rencontrent philosophie et psychologie, qui se construit comme un puzzle policier, avec plusieurs coups de th\u00e9\u00e2tre et de r\u00e9v\u00e9lations !\r\n\r\nDeux com\u00e9diennes magnifiques, qui font un num\u00e9ro exceptionnel!\r\n\r\nUn spectacle, que je recommande !!!\u00a0\u00bb\r\n\r\n \r\n\r\nUn texte de Fabrice  TOSONI\r\n\r\n \r\n\r\nAvec:\r\n\r\nCarine RIBERT\r\n\r\net\r\n\r\nLily RUBENS\r\n\r\n \r\n\r\nSc\u00e9nographie: La talentueuse Capucine GROU-RADENEZ\r\n\r\nLumi\u00e8res: Julien M\u00c9NARD\r\n\r\nIllustration Musicale: Mathias LOUIS\r\n\r\n \r\n\r\nMise en Sc\u00e8ne: Fabrice TOSONI, assist\u00e9 de Jessica BERTHE-GODART\u00a0\u00bb\r\n\r\n\r\n \r\n\r\nTH\u00c9\u00c2TRE LEPIC\r\n\r\n01 42 54 15 12\r\n\r\n \r\n\r\n \r\n\r\nRobert BONNARDOT<\/p>","protected":false},"excerpt":{"rendered":"<p>J&rsquo;ai chaudement recommand\u00e9 cette pi\u00e8ce, \u00e0 plusieurs reprises, et je vous encourage \u00e0 venir la voir, le Samedi 13 D\u00e9cembre \u00e0 18h30, au Profit de la \u00ab\u00a0Lutte contre le Cancer du Sein\u00a0\u00bb. Voici, ce que j&rsquo;en disais: \u00ab\u00a0Un spectacle \u00e9mouvant, que j&rsquo;ai vu en 2024, et qui a fait un tr\u00e8s grand succ\u00e8s, lors du [&hellip;]<\/p>\n","protected":false},"author":11,"featured_media":0,"comment_status":"closed","ping_status":"open","sticky":false,"template":"","format":"standard","meta":{"footnotes":""},"categories":[],"tags":[],"_links":{"self":[{"href":"https:\/\/www.yvelinesradio.com\/radio\/wp-json\/wp\/v2\/posts\/2173"}],"collection":[{"href":"https:\/\/www.yvelinesradio.com\/radio\/wp-json\/wp\/v2\/posts"}],"about":[{"href":"https:\/\/www.yvelinesradio.com\/radio\/wp-json\/wp\/v2\/types\/post"}],"author":[{"embeddable":true,"href":"https:\/\/www.yvelinesradio.com\/radio\/wp-json\/wp\/v2\/users\/11"}],"replies":[{"embeddable":true,"href":"https:\/\/www.yvelinesradio.com\/radio\/wp-json\/wp\/v2\/comments?post=2173"}],"version-history":[{"count":0,"href":"https:\/\/www.yvelinesradio.com\/radio\/wp-json\/wp\/v2\/posts\/2173\/revisions"}],"wp:attachment":[{"href":"https:\/\/www.yvelinesradio.com\/radio\/wp-json\/wp\/v2\/media?parent=2173"}],"wp:term":[{"taxonomy":"category","embeddable":true,"href":"https:\/\/www.yvelinesradio.com\/radio\/wp-json\/wp\/v2\/categories?post=2173"},{"taxonomy":"post_tag","embeddable":true,"href":"https:\/\/www.yvelinesradio.com\/radio\/wp-json\/wp\/v2\/tags?post=2173"}],"curies":[{"name":"wp","href":"https:\/\/api.w.org\/{rel}","templated":true}]}}