{"id":2171,"date":"2025-11-24T00:00:00","date_gmt":"2025-11-24T00:00:00","guid":{"rendered":""},"modified":"2025-11-24T00:00:00","modified_gmt":"2025-11-24T00:00:00","slug":"20251126813177","status":"publish","type":"post","link":"https:\/\/www.yvelinesradio.com\/radio\/2025\/11\/24\/20251126813177\/","title":{"rendered":"\u00ab\u00a0CE QUI RESTE D&rsquo;UN AMOUR\u00a0\u00bb au Studio H\u00c9BERTOT"},"content":{"rendered":"<figure class=\"wp-block-image size-full\"><img decoding=\"async\" src=\"https:\/\/www.yvelinesradio.com\/infos\/chroniques\/SORTIES_A_PARIS___CE_QUI_RESTE_D_UN_AMOUR__au_Studio_H_BE__3880593656.jpg.jpg\"alt=\"\" class=\"wp-image-32\" \/><\/figure><figure class=\"wp-block-audio\"><audio controls src=\"https:\/\/www.yvelinesradio.com\/infos\/chroniques\/SORTIES_A_PARIS___CE_QUI_RESTE_D_UN_AMOUR__au_Studio_H_BE__8255470404.mp3\"><\/audio><\/figure><p>J&rsquo;ai vu un Show-Case de cette pi\u00e8ce en Juin 2022, elle a ensuite fait un v\u00e9ritable succ\u00e8s au festival OFF, en Avignon.\r\n\r\nVoici, ce que j&rsquo;en disais:\r\n\r\n \r\n\r\n\u00ab\u00a0Un texte et une Mise en Sc\u00e8ne de: Carlotta CLERICI.\r\n\r\n \r\n\r\nQuand on voit sur la m\u00eame affiche Caroline DEVISMES et Thomas LE DOUAREC, et  pour avoir eu la chance de les applaudir souvent, l&rsquo;une ou l&rsquo;autre, de confiance, je vous promets un bon moment.\r\n\r\n \r\n\r\nLe Pitch : Un an apr\u00e8s leur rupture, Alice d\u00e9barque au milieu de la nuit chez Hugo. Elle a une question, dont elle cherche la r\u00e9ponse: \u00ab\u00a0Que reste-t-il de notre amour?\r\n\r\nElle le pensait \u00e9ternel&#8230;\r\n\r\n \r\n\r\nL&rsquo;amour ne meurt pas, ce sont les relations qui  prennent fin&#8230;\u00a0\u00bb\r\n\r\n \r\n\r\nJe vous promets une belle soir\u00e9e, toute en \u00e9motion, avec deux com\u00e9diens merveilleux !\r\n\r\nMusique: Aldo GILBERT\r\n\r\nPhotos: Attilio MARASCO &#038; Fran\u00e7ois GROSJEAN\r\n\r\nD\u00e9cor: David LIONNE et J\u00e9r\u00f4me LEBERTRE\r\n\r\n \r\n\r\nJusqu&rsquo;au 8 f\u00e9vrier 2026\r\n\r\nDu Jeudi au Samedi \u00e0 19h00\r\n\r\nLes Dimanches \u00e0 17h00\r\n\r\n \r\n\r\n(Rel\u00e2ches: 25 d\u00e9cembre 2025, et 1er, 8, 18 Janvier 2026.)\r\n\r\n \r\n\r\nDur\u00e9e: 1h20\r\n\r\n \r\n\r\n\r\n \r\n\r\nTH\u00c9\u00c2TRE LE STUDIO H\u00c9BERTOT\r\n\r\n01 42 93 13 04\r\n\r\n \r\n\r\n \r\n\r\nRobert BONNARDOT<\/p>","protected":false},"excerpt":{"rendered":"<p>J&rsquo;ai vu un Show-Case de cette pi\u00e8ce en Juin 2022, elle a ensuite fait un v\u00e9ritable succ\u00e8s au festival OFF, en Avignon. Voici, ce que j&rsquo;en disais: \u00ab\u00a0Un texte et une Mise en Sc\u00e8ne de: Carlotta CLERICI. Quand on voit sur la m\u00eame affiche Caroline DEVISMES et Thomas LE DOUAREC, et pour avoir eu la [&hellip;]<\/p>\n","protected":false},"author":11,"featured_media":0,"comment_status":"closed","ping_status":"open","sticky":false,"template":"","format":"standard","meta":{"footnotes":""},"categories":[],"tags":[],"_links":{"self":[{"href":"https:\/\/www.yvelinesradio.com\/radio\/wp-json\/wp\/v2\/posts\/2171"}],"collection":[{"href":"https:\/\/www.yvelinesradio.com\/radio\/wp-json\/wp\/v2\/posts"}],"about":[{"href":"https:\/\/www.yvelinesradio.com\/radio\/wp-json\/wp\/v2\/types\/post"}],"author":[{"embeddable":true,"href":"https:\/\/www.yvelinesradio.com\/radio\/wp-json\/wp\/v2\/users\/11"}],"replies":[{"embeddable":true,"href":"https:\/\/www.yvelinesradio.com\/radio\/wp-json\/wp\/v2\/comments?post=2171"}],"version-history":[{"count":0,"href":"https:\/\/www.yvelinesradio.com\/radio\/wp-json\/wp\/v2\/posts\/2171\/revisions"}],"wp:attachment":[{"href":"https:\/\/www.yvelinesradio.com\/radio\/wp-json\/wp\/v2\/media?parent=2171"}],"wp:term":[{"taxonomy":"category","embeddable":true,"href":"https:\/\/www.yvelinesradio.com\/radio\/wp-json\/wp\/v2\/categories?post=2171"},{"taxonomy":"post_tag","embeddable":true,"href":"https:\/\/www.yvelinesradio.com\/radio\/wp-json\/wp\/v2\/tags?post=2171"}],"curies":[{"name":"wp","href":"https:\/\/api.w.org\/{rel}","templated":true}]}}