{"id":2168,"date":"2025-11-23T00:00:00","date_gmt":"2025-11-23T00:00:00","guid":{"rendered":""},"modified":"2025-11-23T00:00:00","modified_gmt":"2025-11-23T00:00:00","slug":"20251125522977","status":"publish","type":"post","link":"https:\/\/www.yvelinesradio.com\/radio\/2025\/11\/23\/20251125522977\/","title":{"rendered":"\u00ab\u00a052\u00e8me Cr\u00e9ation \u00e0 Paris des FOLIES GRUSS"},"content":{"rendered":"<figure class=\"wp-block-image size-full\"><img decoding=\"async\" src=\"https:\/\/www.yvelinesradio.com\/infos\/chroniques\/SORTIES_A_PARIS______me_Cr_ation___Paris_des_FOLIES_GRUSS__2431888345.jpeg\"alt=\"\" class=\"wp-image-32\" \/><\/figure><figure class=\"wp-block-audio\"><audio controls src=\"https:\/\/www.yvelinesradio.com\/infos\/chroniques\/SORTIES_A_PARIS______me_Cr_ation___Paris_des_FOLIES_GRUSS__5872941517.mp3\"><\/audio><\/figure><p>Depuis 2011, je ne rate aucune des repr\u00e9sentations du Cirque Alexis Gruss, maintenant devenu \u00ab\u00a0LES FOLIES GRUSS\u00a0\u00bb.\r\n\r\nC&rsquo;\u00e9tait au bon temps des invitations de Dominique LARMOYER.\r\n\r\nJe devais y aller hier, mais j&rsquo;ai \u00e9t\u00e9 contraint d&rsquo;y renoncer. J&rsquo;esp\u00e8re avoir une autre occasion&#8230;\r\n\r\nDe confiance, je recommande de ne pas rater cette 52\u00e8me cr\u00e9ation \u00e0 Paris.\r\n\r\nUne troupe d&rsquo;artistes de grand talent, un spectacle comme on ne peut en voir ailleurs.\r\n\r\nLes gamins, au bord de la piste, il y a une dizaine d&rsquo;ann\u00e9es, sont ceux qui vous \u00e9blouissent aujourd&rsquo;hui, et la future g\u00e9n\u00e9ration est d\u00e9j\u00e0 l\u00e0, \u00e0 observer leurs a\u00een\u00e9s.\r\n\r\nLa troupe:\r\n\r\n \r\n\r\nDirection Artistique : Stephan Gruss\r\nCo Mise En Sc\u00e8ne : Gr\u00e9gory Antoine Et Stephan Gruss\r\n\r\nLes artistes : Gipsy Gruss &#8211; Stephan Gruss &#8211; Firmin Gruss &#8211; Maud Florees &#8211; Charles Gruss &#8211; Alexandre Gruss &#8211; Jeanne Gruss &#8211; Svetlana\r\n\r\nGruss &#8211; Olivia Gruss &#8211; C\u00e9lestine Gruss &#8211; Gloria Florees &#8211; Venecia Florees &#8211; Pauline Shiny\r\n\r\nChanteuse : Margot Soriat\r\n\r\nLes musiciens : Sylvain Rolland &#8211; Julien Teissier &#8211; Nicolas Sausseau &#8211; Pascal Balzano &#8211; Cyril Moret &#8211; Massimo Murgia &#8211; Christophe Gonnet &#8211; Ivan Kabok\r\n\r\nCompositions musicales : Sylvain Rolland &#8211; Massimo Murgia &#8211; Julien Teissier &#8211; Cyril Moret &#8211; Margot Soriat\r\nCr\u00e9ation lumi\u00e8re et sc\u00e9nographie : Gr\u00e9gory Antoine\r\nCostumes : Sylvain Rigault\r\n\r\n \r\n\r\n\r\n \r\n\r\nJusqu&rsquo;au 29 Mars 2026\r\n\r\n \r\n\r\nR\u00e9servations: billetterie@alexis-gruss.com\r\n\r\nou  01 45 01 71 26\r\n\r\n \r\n\r\n \r\n\r\n \r\n\r\nRobert BONNARDOT\r\n\r\n<\/p>","protected":false},"excerpt":{"rendered":"<p>Depuis 2011, je ne rate aucune des repr\u00e9sentations du Cirque Alexis Gruss, maintenant devenu \u00ab\u00a0LES FOLIES GRUSS\u00a0\u00bb. C&rsquo;\u00e9tait au bon temps des invitations de Dominique LARMOYER. Je devais y aller hier, mais j&rsquo;ai \u00e9t\u00e9 contraint d&rsquo;y renoncer. J&rsquo;esp\u00e8re avoir une autre occasion&#8230; De confiance, je recommande de ne pas rater cette 52\u00e8me cr\u00e9ation \u00e0 Paris. [&hellip;]<\/p>\n","protected":false},"author":11,"featured_media":0,"comment_status":"closed","ping_status":"open","sticky":false,"template":"","format":"standard","meta":{"footnotes":""},"categories":[],"tags":[],"_links":{"self":[{"href":"https:\/\/www.yvelinesradio.com\/radio\/wp-json\/wp\/v2\/posts\/2168"}],"collection":[{"href":"https:\/\/www.yvelinesradio.com\/radio\/wp-json\/wp\/v2\/posts"}],"about":[{"href":"https:\/\/www.yvelinesradio.com\/radio\/wp-json\/wp\/v2\/types\/post"}],"author":[{"embeddable":true,"href":"https:\/\/www.yvelinesradio.com\/radio\/wp-json\/wp\/v2\/users\/11"}],"replies":[{"embeddable":true,"href":"https:\/\/www.yvelinesradio.com\/radio\/wp-json\/wp\/v2\/comments?post=2168"}],"version-history":[{"count":0,"href":"https:\/\/www.yvelinesradio.com\/radio\/wp-json\/wp\/v2\/posts\/2168\/revisions"}],"wp:attachment":[{"href":"https:\/\/www.yvelinesradio.com\/radio\/wp-json\/wp\/v2\/media?parent=2168"}],"wp:term":[{"taxonomy":"category","embeddable":true,"href":"https:\/\/www.yvelinesradio.com\/radio\/wp-json\/wp\/v2\/categories?post=2168"},{"taxonomy":"post_tag","embeddable":true,"href":"https:\/\/www.yvelinesradio.com\/radio\/wp-json\/wp\/v2\/tags?post=2168"}],"curies":[{"name":"wp","href":"https:\/\/api.w.org\/{rel}","templated":true}]}}