{"id":2166,"date":"2025-11-24T00:00:00","date_gmt":"2025-11-24T00:00:00","guid":{"rendered":""},"modified":"2025-11-24T00:00:00","modified_gmt":"2025-11-24T00:00:00","slug":"20251125108175","status":"publish","type":"post","link":"https:\/\/www.yvelinesradio.com\/radio\/2025\/11\/24\/20251125108175\/","title":{"rendered":"Armande Ferry-Wilczek pr\u00e9sente son second album, &lsquo;Sous les pav\u00e9s de mon enfance\u00a0\u00bb !"},"content":{"rendered":"<figure class=\"wp-block-image size-full\"><img decoding=\"async\" src=\"https:\/\/www.yvelinesradio.com\/infos\/emissions\/CATHERINE_BOUVIER__Armande_Ferry_Wilczek_pr_sente_son_secon__0274000887.png\"alt=\"\" class=\"wp-image-32\" \/><\/figure><figure class=\"wp-block-audio\"><audio controls src=\"https:\/\/www.yvelinesradio.com\/infos\/emissions\/CATHERINE_BOUVIER__Armande_Ferry_Wilczek_pr_sente_son_secon__2416092543.mp3\"><\/audio><\/figure><p>D\u00e9couvrez ou red\u00e9couvrez la musique kitsch, r\u00e9tro, d\u00e9cal\u00e9e propos\u00e9e par notre \u00e9quipe d&rsquo;experts en kitschologie : Olivier, Agn\u00e8s, Lucie &#038; le Professeur Depuipeu.\r\n\r\nRejoignez-nous pour une heure de d\u00e9lires kitschs ! Brisez la glace et laissez parler votre enfance en nous \u00e9coutant cette semaine dans notre \u00e9mission ! Nous recevons en effet pour la premi\u00e8re fois une artiste \u00e0 fleur de peau qui vous pr\u00e9sente son nouvel album intitul\u00e9 \u00ab Sous les pav\u00e9s de mon enfance \u00bb : Armande Ferry-Wilczek\u0085\r\n\r\nDe poup\u00e9es satur\u00e9es en pluies qui font mal aux yeux, la Chanteuse, guitariste et violoncelliste vous montre l&rsquo;\u00e9tendue de sa cr\u00e9ativit\u00e9 et de sa sensibilit\u00e9 dans ce second opus, produit et arrang\u00e9 par un certain Antonio Placer, que nous connaissons bien\u0085 L&rsquo;artiste espagnol, qu&rsquo;elle connait depuis des ann\u00e9es, n&rsquo;a sans doute aid\u00e9e \u00e0 d\u00e9voiler son \u00e2me, qu&rsquo;elle vous offrira toute enti\u00e8re \u00e0 l&rsquo;occasion d&rsquo;un live\u0085 a capela !\r\n\r\nEt dans notre vid\u00e9okitsch, nous batton le pac\u00e9 pour aller bien plus loin encore : Nous parcourons en effet \u00ab A thousand miles \u00bb avec le tube de 2002 de Vanessa Carlton. Des kilom\u00e8tres parcourus par la chanteuse am\u00e9ricaine gr\u00e2ce \u00e0 son piano ! Certainement \u00e0 roulettes\u0085\r\n\r\nNous r\u00e9unissons toutes ces oeuvres musicales, oubli\u00e9es ou jamais connues, dans notre \u00ab kitschenette \u00bb, pour vous mitonner une cuisine sonore nouvelle et non calorique (ou si peu\u0085) aux parfums in\u00e9dits et savoureux !\r\n\r\nRetrouvez-nous lundi de 19h \u00e0 20h, mercredi de 9h \u00e0 10h, et vendredi de 21h \u00e0 22h, sur Yvelines Radio. Pour le meilleur et pour le rire\u0085\r\n\r\nEt pour poursuivre l&rsquo;aventure, rendez-vous aussi sur notre site:\r\n\r\nhttp:\/\/www.kitschetnet.fr<\/p>","protected":false},"excerpt":{"rendered":"<p>D\u00e9couvrez ou red\u00e9couvrez la musique kitsch, r\u00e9tro, d\u00e9cal\u00e9e propos\u00e9e par notre \u00e9quipe d&rsquo;experts en kitschologie : Olivier, Agn\u00e8s, Lucie &#038; le Professeur Depuipeu. Rejoignez-nous pour une heure de d\u00e9lires kitschs ! Brisez la glace et laissez parler votre enfance en nous \u00e9coutant cette semaine dans notre \u00e9mission ! Nous recevons en effet pour la premi\u00e8re [&hellip;]<\/p>\n","protected":false},"author":15,"featured_media":0,"comment_status":"closed","ping_status":"open","sticky":false,"template":"","format":"standard","meta":{"footnotes":""},"categories":[],"tags":[],"_links":{"self":[{"href":"https:\/\/www.yvelinesradio.com\/radio\/wp-json\/wp\/v2\/posts\/2166"}],"collection":[{"href":"https:\/\/www.yvelinesradio.com\/radio\/wp-json\/wp\/v2\/posts"}],"about":[{"href":"https:\/\/www.yvelinesradio.com\/radio\/wp-json\/wp\/v2\/types\/post"}],"author":[{"embeddable":true,"href":"https:\/\/www.yvelinesradio.com\/radio\/wp-json\/wp\/v2\/users\/15"}],"replies":[{"embeddable":true,"href":"https:\/\/www.yvelinesradio.com\/radio\/wp-json\/wp\/v2\/comments?post=2166"}],"version-history":[{"count":0,"href":"https:\/\/www.yvelinesradio.com\/radio\/wp-json\/wp\/v2\/posts\/2166\/revisions"}],"wp:attachment":[{"href":"https:\/\/www.yvelinesradio.com\/radio\/wp-json\/wp\/v2\/media?parent=2166"}],"wp:term":[{"taxonomy":"category","embeddable":true,"href":"https:\/\/www.yvelinesradio.com\/radio\/wp-json\/wp\/v2\/categories?post=2166"},{"taxonomy":"post_tag","embeddable":true,"href":"https:\/\/www.yvelinesradio.com\/radio\/wp-json\/wp\/v2\/tags?post=2166"}],"curies":[{"name":"wp","href":"https:\/\/api.w.org\/{rel}","templated":true}]}}