{"id":2159,"date":"2025-11-21T00:00:00","date_gmt":"2025-11-21T00:00:00","guid":{"rendered":""},"modified":"2025-11-21T00:00:00","modified_gmt":"2025-11-21T00:00:00","slug":"20251123609080","status":"publish","type":"post","link":"https:\/\/www.yvelinesradio.com\/radio\/2025\/11\/21\/20251123609080\/","title":{"rendered":"\u00ab\u00a0FEMMAGE\u00a0\u00bb \u00e0 l&rsquo;ATELIER du PLATEAU"},"content":{"rendered":"<figure class=\"wp-block-image size-full\"><img decoding=\"async\" src=\"https:\/\/www.yvelinesradio.com\/infos\/chroniques\/SORTIES_A_PARIS___FEMMAGE____l_ATELIER_du_PLATEAU__5543676325.jpg\"alt=\"\" class=\"wp-image-32\" \/><\/figure><figure class=\"wp-block-audio\"><audio controls src=\"https:\/\/www.yvelinesradio.com\/infos\/chroniques\/SORTIES_A_PARIS___FEMMAGE____l_ATELIER_du_PLATEAU__8894224871.mp3\"><\/audio><\/figure><p>Qu&rsquo;est ce qui nous donne de l&rsquo;\u00e9nergie, de la force?\r\n\r\nQuels paysages nous permettent de continuer \u00e0 tenir?\r\n\r\nPour r\u00e9pondre \u00e0 ces questions, Chlo\u00e9 B\u00c9GOU a demand\u00e9 \u00e0 des ami(es), de lui \u00e9crire un texte, ce qui a donn\u00e9 naissance \u00e0 FEMMAGE.\r\n\r\nSur sc\u00e8ne: \r\n\r\nClara CHOTIL\r\n\r\nYuko OSHIMA\r\n\r\nChlo\u00e9 B\u00c9GOU\r\n\r\n \r\n\r\nLes autrices et les auteurs:\r\n\r\nB\u00e9atrice BIENVILLE\r\n\r\nSophie FILLI\u00c8RES\r\n\r\nElios LEVY\r\n\r\nMarie Do FR\u00c9VAL\r\n\r\nNicole MERCEY ORTEGA\r\n\r\nBarbara M\u00c9TAIS CHASTANIER\r\n\r\nDouce MIRABAUD\r\n\r\n \r\n\r\nDu 3 au 5 d\u00e9cembre 2025 \u00e0 20h00\r\n\r\n \r\n\r\n\r\n \r\n\r\nL&rsquo;ATELIER DU PLATEAU\r\n\r\n01 42 41 28 22\r\n\r\n \r\n\r\n \r\n\r\nRobert BONNARDOT<\/p>","protected":false},"excerpt":{"rendered":"<p>Qu&rsquo;est ce qui nous donne de l&rsquo;\u00e9nergie, de la force? Quels paysages nous permettent de continuer \u00e0 tenir? Pour r\u00e9pondre \u00e0 ces questions, Chlo\u00e9 B\u00c9GOU a demand\u00e9 \u00e0 des ami(es), de lui \u00e9crire un texte, ce qui a donn\u00e9 naissance \u00e0 FEMMAGE. Sur sc\u00e8ne: Clara CHOTIL Yuko OSHIMA Chlo\u00e9 B\u00c9GOU Les autrices et les auteurs: [&hellip;]<\/p>\n","protected":false},"author":11,"featured_media":0,"comment_status":"closed","ping_status":"open","sticky":false,"template":"","format":"standard","meta":{"footnotes":""},"categories":[],"tags":[],"_links":{"self":[{"href":"https:\/\/www.yvelinesradio.com\/radio\/wp-json\/wp\/v2\/posts\/2159"}],"collection":[{"href":"https:\/\/www.yvelinesradio.com\/radio\/wp-json\/wp\/v2\/posts"}],"about":[{"href":"https:\/\/www.yvelinesradio.com\/radio\/wp-json\/wp\/v2\/types\/post"}],"author":[{"embeddable":true,"href":"https:\/\/www.yvelinesradio.com\/radio\/wp-json\/wp\/v2\/users\/11"}],"replies":[{"embeddable":true,"href":"https:\/\/www.yvelinesradio.com\/radio\/wp-json\/wp\/v2\/comments?post=2159"}],"version-history":[{"count":0,"href":"https:\/\/www.yvelinesradio.com\/radio\/wp-json\/wp\/v2\/posts\/2159\/revisions"}],"wp:attachment":[{"href":"https:\/\/www.yvelinesradio.com\/radio\/wp-json\/wp\/v2\/media?parent=2159"}],"wp:term":[{"taxonomy":"category","embeddable":true,"href":"https:\/\/www.yvelinesradio.com\/radio\/wp-json\/wp\/v2\/categories?post=2159"},{"taxonomy":"post_tag","embeddable":true,"href":"https:\/\/www.yvelinesradio.com\/radio\/wp-json\/wp\/v2\/tags?post=2159"}],"curies":[{"name":"wp","href":"https:\/\/api.w.org\/{rel}","templated":true}]}}