{"id":2157,"date":"2025-11-19T00:00:00","date_gmt":"2025-11-19T00:00:00","guid":{"rendered":""},"modified":"2025-11-19T00:00:00","modified_gmt":"2025-11-19T00:00:00","slug":"20251121653433","status":"publish","type":"post","link":"https:\/\/www.yvelinesradio.com\/radio\/2025\/11\/19\/20251121653433\/","title":{"rendered":"\u00ab\u00a0MULAN\u00a0\u00bb au Th\u00e9\u00e2tre des B\u00e9liers Parisiens"},"content":{"rendered":"<figure class=\"wp-block-image size-full\"><img decoding=\"async\" src=\"https:\/\/www.yvelinesradio.com\/infos\/chroniques\/SORTIES_A_PARIS___MULAN__au_Th__tre_des_B_liers_Parisiens__9021770660.jpg\"alt=\"\" class=\"wp-image-32\" \/><\/figure><figure class=\"wp-block-audio\"><audio controls src=\"https:\/\/www.yvelinesradio.com\/infos\/chroniques\/SORTIES_A_PARIS___MULAN__au_Th__tre_des_B_liers_Parisiens__2814801202.mp3\"><\/audio><\/figure><p>Un conte moderne et musical, propos\u00e9 par le tr\u00e8s talentueux Guillaume BOUCH\u00c8DE;\r\n\r\nUn r\u00e9cit d&rsquo;aventures fait de danses, de combats, et de rires qui nous entra\u00eene dans une incroyable qu\u00eate d&rsquo;identit\u00e9 personnelle.\r\n\r\nAvec:\r\n\r\nH\u00e9lia NAJI\r\n\r\nYassine BEN\r\n\r\nChelsee GUNPUTH\r\n\r\n \r\n\r\nUne pi\u00e8ce de Guillaume BOUCH\u00c8DE &#038; Fr\u00e9d\u00e9ric CHEVAUX\r\n\r\n\u00c0 partir du 6 D\u00e9cembre 2025\r\n\r\nLes Samedis \u00e0 14h30\r\n\r\nLes Dimanches \u00e0 11h00\r\n\r\nPendant les prochaines vacances scolaires:\r\n\r\nDu Mardi au Samedi \u00e0 14h30\r\n\r\nLes Dimanches \u00e0 11h00\r\n\r\n(Rel\u00e2ches le 25 D\u00e9cembre et le 1er Janvier)\r\n\r\nDur\u00e9e: 1h15\r\n\r\n \r\n\r\n\r\nTH\u00c9\u00c2TRE DES B\u00c9LIERS PARISIENS\r\n\r\n01 42 62 35 00\r\n\r\n \r\n\r\n \r\n\r\nRobert BONNARDOT<\/p>","protected":false},"excerpt":{"rendered":"<p>Un conte moderne et musical, propos\u00e9 par le tr\u00e8s talentueux Guillaume BOUCH\u00c8DE; Un r\u00e9cit d&rsquo;aventures fait de danses, de combats, et de rires qui nous entra\u00eene dans une incroyable qu\u00eate d&rsquo;identit\u00e9 personnelle. Avec: H\u00e9lia NAJI Yassine BEN Chelsee GUNPUTH Une pi\u00e8ce de Guillaume BOUCH\u00c8DE &#038; Fr\u00e9d\u00e9ric CHEVAUX \u00c0 partir du 6 D\u00e9cembre 2025 Les Samedis [&hellip;]<\/p>\n","protected":false},"author":11,"featured_media":0,"comment_status":"closed","ping_status":"open","sticky":false,"template":"","format":"standard","meta":{"footnotes":""},"categories":[],"tags":[],"_links":{"self":[{"href":"https:\/\/www.yvelinesradio.com\/radio\/wp-json\/wp\/v2\/posts\/2157"}],"collection":[{"href":"https:\/\/www.yvelinesradio.com\/radio\/wp-json\/wp\/v2\/posts"}],"about":[{"href":"https:\/\/www.yvelinesradio.com\/radio\/wp-json\/wp\/v2\/types\/post"}],"author":[{"embeddable":true,"href":"https:\/\/www.yvelinesradio.com\/radio\/wp-json\/wp\/v2\/users\/11"}],"replies":[{"embeddable":true,"href":"https:\/\/www.yvelinesradio.com\/radio\/wp-json\/wp\/v2\/comments?post=2157"}],"version-history":[{"count":0,"href":"https:\/\/www.yvelinesradio.com\/radio\/wp-json\/wp\/v2\/posts\/2157\/revisions"}],"wp:attachment":[{"href":"https:\/\/www.yvelinesradio.com\/radio\/wp-json\/wp\/v2\/media?parent=2157"}],"wp:term":[{"taxonomy":"category","embeddable":true,"href":"https:\/\/www.yvelinesradio.com\/radio\/wp-json\/wp\/v2\/categories?post=2157"},{"taxonomy":"post_tag","embeddable":true,"href":"https:\/\/www.yvelinesradio.com\/radio\/wp-json\/wp\/v2\/tags?post=2157"}],"curies":[{"name":"wp","href":"https:\/\/api.w.org\/{rel}","templated":true}]}}