{"id":2155,"date":"2025-11-19T00:00:00","date_gmt":"2025-11-19T00:00:00","guid":{"rendered":""},"modified":"2025-11-19T00:00:00","modified_gmt":"2025-11-19T00:00:00","slug":"20251121446548","status":"publish","type":"post","link":"https:\/\/www.yvelinesradio.com\/radio\/2025\/11\/19\/20251121446548\/","title":{"rendered":"\u00ab\u00a0\u00a0\u00bbLE P\u00c8RE NO\u00cbL EST ENRHUM\u00c9\u00a0\u00bb \u00e0 LA FOLIE TH\u00c9\u00c2TRE"},"content":{"rendered":"<figure class=\"wp-block-image size-full\"><img decoding=\"async\" src=\"https:\/\/www.yvelinesradio.com\/infos\/chroniques\/SORTIES_A_PARIS____LE_P_RE_NO_L_EST_ENRHUM_____LA_FOLIE_T__9062461998.jpg\"alt=\"\" class=\"wp-image-32\" \/><\/figure><figure class=\"wp-block-audio\"><audio controls src=\"https:\/\/www.yvelinesradio.com\/infos\/chroniques\/SORTIES_A_PARIS____LE_P_RE_NO_L_EST_ENRHUM_____LA_FOLIE_T__4302009657.mp3\"><\/audio><\/figure><p>Un spectacle pour les enfants de 2 \u00e0 8 ans.\r\n\r\nIl faut emmener les plus petits au th\u00e9\u00e2tre, ils ne l&rsquo;oublieront jamais!\r\n\r\n\u00ab\u00a0Le P\u00e8re No\u00ebl a touss\u00e9, il est enrhum\u00e9 et ne peut plus se lever&#8230; Que faire ?\r\n\r\nHeureusement, il y a Maman No\u00ebl et le lutin Gus !!!\r\n\r\nIls vont trouver la solution, pour le r\u00e9tablir\u00a0\u00bb.\r\n\r\n \r\n\r\nUne belle id\u00e9e de Claire TRAXELLE, qui en signe la Sc\u00e9nographie, la Lumi\u00e8re, et la Musique avec Samuel BRAFMAN, sans oublier une belle Mise en Sc\u00e8ne.\r\n\r\nEt, elle fait partie de la distribution:\r\n\r\nClaire TRAXELLE\r\n\r\nL\u00e9na DE SAINT RIQUIER\r\n\r\nNicolas DESNOUES\r\n\r\nCl\u00e9ment HASSID\r\n\r\n \r\n\r\nJusqu&rsquo;au 4 JANVIER 2026\r\n\r\nHors vacances scolaires: Les Mercredis \u00e0 16h00\r\n\r\nEt pendant les vacances:\r\n\r\nDu Lundi au Vendredi \u00e0 10h30\r\n\r\nLes Samedis et Dimanches \u00e0 16h00\r\n\r\n \r\n\r\nDur\u00e9e: 55 minutes.\r\n\r\n \r\n\r\n\r\n\u00c0 LA FOLIE TH\u00c9\u00c2TRE\r\n\r\n01 43 55 14 80\r\n\r\n \r\n\r\n \r\n\r\nRobert BONNARDOT\r\n\r\n<\/p>","protected":false},"excerpt":{"rendered":"<p>Un spectacle pour les enfants de 2 \u00e0 8 ans. Il faut emmener les plus petits au th\u00e9\u00e2tre, ils ne l&rsquo;oublieront jamais! \u00ab\u00a0Le P\u00e8re No\u00ebl a touss\u00e9, il est enrhum\u00e9 et ne peut plus se lever&#8230; Que faire ? Heureusement, il y a Maman No\u00ebl et le lutin Gus !!! Ils vont trouver la solution, [&hellip;]<\/p>\n","protected":false},"author":11,"featured_media":0,"comment_status":"closed","ping_status":"open","sticky":false,"template":"","format":"standard","meta":{"footnotes":""},"categories":[],"tags":[],"_links":{"self":[{"href":"https:\/\/www.yvelinesradio.com\/radio\/wp-json\/wp\/v2\/posts\/2155"}],"collection":[{"href":"https:\/\/www.yvelinesradio.com\/radio\/wp-json\/wp\/v2\/posts"}],"about":[{"href":"https:\/\/www.yvelinesradio.com\/radio\/wp-json\/wp\/v2\/types\/post"}],"author":[{"embeddable":true,"href":"https:\/\/www.yvelinesradio.com\/radio\/wp-json\/wp\/v2\/users\/11"}],"replies":[{"embeddable":true,"href":"https:\/\/www.yvelinesradio.com\/radio\/wp-json\/wp\/v2\/comments?post=2155"}],"version-history":[{"count":0,"href":"https:\/\/www.yvelinesradio.com\/radio\/wp-json\/wp\/v2\/posts\/2155\/revisions"}],"wp:attachment":[{"href":"https:\/\/www.yvelinesradio.com\/radio\/wp-json\/wp\/v2\/media?parent=2155"}],"wp:term":[{"taxonomy":"category","embeddable":true,"href":"https:\/\/www.yvelinesradio.com\/radio\/wp-json\/wp\/v2\/categories?post=2155"},{"taxonomy":"post_tag","embeddable":true,"href":"https:\/\/www.yvelinesradio.com\/radio\/wp-json\/wp\/v2\/tags?post=2155"}],"curies":[{"name":"wp","href":"https:\/\/api.w.org\/{rel}","templated":true}]}}