{"id":2154,"date":"2025-11-18T00:00:00","date_gmt":"2025-11-18T00:00:00","guid":{"rendered":""},"modified":"2025-11-18T00:00:00","modified_gmt":"2025-11-18T00:00:00","slug":"20251120939013","status":"publish","type":"post","link":"https:\/\/www.yvelinesradio.com\/radio\/2025\/11\/18\/20251120939013\/","title":{"rendered":"\u00ab\u00a0Inauguration  de \u00ab\u00a0LE DRAME LYRIQUE\u00a0\u00bb\u00a0\u00bb \u00e0 L&rsquo;Op\u00e9ra Comique"},"content":{"rendered":"<figure class=\"wp-block-image size-full\"><img decoding=\"async\" src=\"https:\/\/www.yvelinesradio.com\/infos\/chroniques\/SORTIES_A_PARIS___Inauguration__de__LE_DRAME_LYRIQUE_______3647951642.jpg\"alt=\"\" class=\"wp-image-32\" \/><\/figure><figure class=\"wp-block-audio\"><audio controls src=\"https:\/\/www.yvelinesradio.com\/infos\/chroniques\/SORTIES_A_PARIS___Inauguration__de__LE_DRAME_LYRIQUE_______1233771782.mp3\"><\/audio><\/figure><p>\u00ab\u00a0Le Drame Lyrique\u00a0\u00bb, statue de Alexandre FALGUI\u00c8RE (1831-1900), sera inaugur\u00e9e le Jeudi 15 Janvier  \u00e0 l&rsquo;Op\u00e9ra Comique.\r\n\r\nUn p\u00e9riple de 130 ans.\r\n\r\nCette statue avait \u00e9t\u00e9 retir\u00e9e et remplac\u00e9e par une autre en 1919. Elle avait disparu, et c&rsquo;est Anne Pingeot qui l&rsquo;a retrouv\u00e9 en 1981 \u00e0 Berlin.\r\n\r\n\u00c0 partir de 2021, une mobilisation s&rsquo;organise, avec Laurent FALGUI\u00c8RE, arri\u00e8re petit-fils du sculpteur.\r\n\r\nUne demande de restitution est envoy\u00e9e \u00e0 Berlin et accept\u00e9e.\r\n\r\nElle va donc retrouver sa place d&rsquo;origine, le 15 janvier 2026, \u00e0 l&rsquo;occasion des repr\u00e9sentations de Werther, ami du sculpteur.\r\n\r\n \r\n\r\nJEUDI 15 JANVIER 2026 \u00e0 18H30\r\n\r\n \r\n\r\n \r\n\r\n\r\n \r\n\r\n \r\n\r\nTH\u00c9\u00c2TRE DE L&rsquo;OP\u00c9RA COMIQUE\r\n\r\n01 70 23 01 31\r\n\r\n \r\n\r\n \r\n\r\nRobert BONNARDOT<\/p>","protected":false},"excerpt":{"rendered":"<p>\u00ab\u00a0Le Drame Lyrique\u00a0\u00bb, statue de Alexandre FALGUI\u00c8RE (1831-1900), sera inaugur\u00e9e le Jeudi 15 Janvier \u00e0 l&rsquo;Op\u00e9ra Comique. Un p\u00e9riple de 130 ans. Cette statue avait \u00e9t\u00e9 retir\u00e9e et remplac\u00e9e par une autre en 1919. Elle avait disparu, et c&rsquo;est Anne Pingeot qui l&rsquo;a retrouv\u00e9 en 1981 \u00e0 Berlin. \u00c0 partir de 2021, une mobilisation s&rsquo;organise, [&hellip;]<\/p>\n","protected":false},"author":11,"featured_media":0,"comment_status":"closed","ping_status":"open","sticky":false,"template":"","format":"standard","meta":{"footnotes":""},"categories":[],"tags":[],"_links":{"self":[{"href":"https:\/\/www.yvelinesradio.com\/radio\/wp-json\/wp\/v2\/posts\/2154"}],"collection":[{"href":"https:\/\/www.yvelinesradio.com\/radio\/wp-json\/wp\/v2\/posts"}],"about":[{"href":"https:\/\/www.yvelinesradio.com\/radio\/wp-json\/wp\/v2\/types\/post"}],"author":[{"embeddable":true,"href":"https:\/\/www.yvelinesradio.com\/radio\/wp-json\/wp\/v2\/users\/11"}],"replies":[{"embeddable":true,"href":"https:\/\/www.yvelinesradio.com\/radio\/wp-json\/wp\/v2\/comments?post=2154"}],"version-history":[{"count":0,"href":"https:\/\/www.yvelinesradio.com\/radio\/wp-json\/wp\/v2\/posts\/2154\/revisions"}],"wp:attachment":[{"href":"https:\/\/www.yvelinesradio.com\/radio\/wp-json\/wp\/v2\/media?parent=2154"}],"wp:term":[{"taxonomy":"category","embeddable":true,"href":"https:\/\/www.yvelinesradio.com\/radio\/wp-json\/wp\/v2\/categories?post=2154"},{"taxonomy":"post_tag","embeddable":true,"href":"https:\/\/www.yvelinesradio.com\/radio\/wp-json\/wp\/v2\/tags?post=2154"}],"curies":[{"name":"wp","href":"https:\/\/api.w.org\/{rel}","templated":true}]}}