{"id":2153,"date":"2025-11-17T00:00:00","date_gmt":"2025-11-17T00:00:00","guid":{"rendered":""},"modified":"2025-11-17T00:00:00","modified_gmt":"2025-11-17T00:00:00","slug":"20251119883630","status":"publish","type":"post","link":"https:\/\/www.yvelinesradio.com\/radio\/2025\/11\/17\/20251119883630\/","title":{"rendered":"\u00ab\u00a0QUELQUE CHOSE DE JOHNNY\u00a0\u00bb 22 Novembre 2025"},"content":{"rendered":"<figure class=\"wp-block-image size-full\"><img decoding=\"async\" src=\"https:\/\/www.yvelinesradio.com\/infos\/chroniques\/SORTIES_A_PARIS___QUELQUE_CHOSE_DE_JOHNNY_____Novembre_____4858679976.png\"alt=\"\" class=\"wp-image-32\" \/><\/figure><figure class=\"wp-block-audio\"><audio controls src=\"https:\/\/www.yvelinesradio.com\/infos\/chroniques\/SORTIES_A_PARIS___QUELQUE_CHOSE_DE_JOHNNY_____Novembre_____3015658633.mp3\"><\/audio><\/figure><p>\u00ab\u00a0Quelque chose de Johnny\u00a0\u00bb, une soir\u00e9e avec une douzaine de musiciens,  \u00ab\u00a0PHOENIX 66\u00a0\u00bb, ce n&rsquo;est pas mal trouv\u00e9, pour \u00e9voquer celui qui a \u00e9t\u00e9 \u00ab\u00a0L&rsquo;idole des Jeunes\u00a0\u00bb. Avec un chanteur,  Anthony Da SILVA, qui n&rsquo;est pas un sosie, et ne cherche pas \u00e0 l&rsquo; imiter, seulement \u00e0 faire revivre ses chansons.\r\n\r\n \r\n\r\nEn Premi\u00e8re partie, Pierre BILLON et sa fille Marie-Max.\r\n\r\nPierre chantera avec le groupe \u00ab\u00a0J&rsquo;ai Oubli\u00e9 de Vivre\u00a0\u00bb, un succ\u00e8s de Johnny, compos\u00e9 par Pierre Billon.\r\n\r\n Mon emploi du temps ne va pas me permettre de participer \u00e0 cette soir\u00e9e, mais si cela vous tente, contactez:\r\n\r\n\r\n \r\n\r\nJean VEIDLY, copain de Johnny, d\u00e8s le d\u00e9but de sa carri\u00e8re, Jean \u00e9tait le bassiste du groupe \u00ab\u00a0LES PIRATES\u00a0\u00bb.\r\n\r\n06 11 21 46 48\r\n\r\n \r\n\r\n22 NOVEMBRE 2025 (Ouverture des portes \u00e0 19h30)\r\n\r\n \r\n\r\nDeux heures de Rock N&rsquo;Roll !!!\r\n\r\nVous pourrez aussi y croiser Herv\u00e9 MOUVET, auteur avec Jean CHALVIDANT de \u00ab\u00a0La Belle Histoire des Groupes de Rock Fran\u00e7ais  DES ANN\u00c9ES 60\u00a0\u00bb\r\n\r\n\r\n(\u00c9ditions F.LANORE)\r\n\r\n \r\n\r\n \r\n\r\n\r\nLE BATACLAN\r\n\r\n01 43 14 00 30\r\n\r\n \r\n\r\n \r\n\r\nRobert BONNARDOT<\/p>","protected":false},"excerpt":{"rendered":"<p>\u00ab\u00a0Quelque chose de Johnny\u00a0\u00bb, une soir\u00e9e avec une douzaine de musiciens, \u00ab\u00a0PHOENIX 66\u00a0\u00bb, ce n&rsquo;est pas mal trouv\u00e9, pour \u00e9voquer celui qui a \u00e9t\u00e9 \u00ab\u00a0L&rsquo;idole des Jeunes\u00a0\u00bb. Avec un chanteur, Anthony Da SILVA, qui n&rsquo;est pas un sosie, et ne cherche pas \u00e0 l&rsquo; imiter, seulement \u00e0 faire revivre ses chansons. En Premi\u00e8re partie, Pierre [&hellip;]<\/p>\n","protected":false},"author":11,"featured_media":0,"comment_status":"closed","ping_status":"open","sticky":false,"template":"","format":"standard","meta":{"footnotes":""},"categories":[],"tags":[],"_links":{"self":[{"href":"https:\/\/www.yvelinesradio.com\/radio\/wp-json\/wp\/v2\/posts\/2153"}],"collection":[{"href":"https:\/\/www.yvelinesradio.com\/radio\/wp-json\/wp\/v2\/posts"}],"about":[{"href":"https:\/\/www.yvelinesradio.com\/radio\/wp-json\/wp\/v2\/types\/post"}],"author":[{"embeddable":true,"href":"https:\/\/www.yvelinesradio.com\/radio\/wp-json\/wp\/v2\/users\/11"}],"replies":[{"embeddable":true,"href":"https:\/\/www.yvelinesradio.com\/radio\/wp-json\/wp\/v2\/comments?post=2153"}],"version-history":[{"count":0,"href":"https:\/\/www.yvelinesradio.com\/radio\/wp-json\/wp\/v2\/posts\/2153\/revisions"}],"wp:attachment":[{"href":"https:\/\/www.yvelinesradio.com\/radio\/wp-json\/wp\/v2\/media?parent=2153"}],"wp:term":[{"taxonomy":"category","embeddable":true,"href":"https:\/\/www.yvelinesradio.com\/radio\/wp-json\/wp\/v2\/categories?post=2153"},{"taxonomy":"post_tag","embeddable":true,"href":"https:\/\/www.yvelinesradio.com\/radio\/wp-json\/wp\/v2\/tags?post=2153"}],"curies":[{"name":"wp","href":"https:\/\/api.w.org\/{rel}","templated":true}]}}