{"id":2151,"date":"2025-11-16T00:00:00","date_gmt":"2025-11-16T00:00:00","guid":{"rendered":""},"modified":"2025-11-16T00:00:00","modified_gmt":"2025-11-16T00:00:00","slug":"20251118326850","status":"publish","type":"post","link":"https:\/\/www.yvelinesradio.com\/radio\/2025\/11\/16\/20251118326850\/","title":{"rendered":"\u00ab\u00a08m2\u00a0\u00bb ou \u00ab\u00a0Bienvenue en Prison\u00a0\u00bb Th\u00e9\u00e2tre de La Tour Eiffel"},"content":{"rendered":"<figure class=\"wp-block-image size-full\"><img decoding=\"async\" src=\"https:\/\/www.yvelinesradio.com\/infos\/chroniques\/SORTIES_A_PARIS____m___ou__Bienvenue_en_Prison__Th__tre_d__1658233972.jpg\"alt=\"\" class=\"wp-image-32\" \/><\/figure><figure class=\"wp-block-audio\"><audio controls src=\"https:\/\/www.yvelinesradio.com\/infos\/chroniques\/SORTIES_A_PARIS____m___ou__Bienvenue_en_Prison__Th__tre_d__8627894363.mp3\"><\/audio><\/figure><p>Une \u00e9criture collective des olibrius qui interpr\u00e8tent cette farce&#8230; Participative !\r\n\r\n\u00c0 plusieurs reprises, ils font  un appel aux spectateurs, et aujourd&rsquo;hui, ils ont eu la chance d&rsquo;avoir dans la salle des partenaires d&rsquo;occasion, de grand talent !\r\n\r\nD\u00e8s le d\u00e9but, j&rsquo;ai pens\u00e9 aux aventures des \u00ab\u00a0Pieds Nickel\u00e9s\u00a0\u00bb, une BD de mon enfance.\r\n\r\n\r\n \r\n\r\nDes gens pas vraiment coupables, et pas tr\u00e8s innocents non plus&#8230;\r\n\r\nComme dans ce centre p\u00e9nitenciaire, il y a une radio locale, les d\u00e9tenus, ont annonc\u00e9 un pot de d\u00e9part, pour le petit Nicolas&#8230;\r\n\r\nCerise sur le g\u00e2teau, c&rsquo;est musical, car le surveillant de cet atypique \u00e9tablissement, est un accord\u00e9oniste de talent, qui ponctue de ses interventions musicales, tout le spectacle.\r\n\r\n \r\n\r\nAvec:\r\n\r\nJean-Michel BAMAS\r\n\r\nBenoit LAUBIER\r\n\r\nVincent ROBIN\r\n\r\nMartin HEUZARD\r\n\r\nYanis NOUID\u00c9\r\n\r\n \r\n\r\nJusqu&rsquo;au 28 D\u00e9cembre 2025\r\n\r\nLes Dimanches \u00e0 17h30\r\n\r\n \r\n\r\nDur\u00e9e: 1h30\r\n\r\n \r\n\r\n\r\nTH\u00c9\u00c2TRE DE LA TOUR EIFFEL\r\n\r\n01 40 67 77 77\r\n\r\n \r\n\r\n \r\n\r\nRobert BONNARDOT\r\n\r\n <\/p>","protected":false},"excerpt":{"rendered":"<p>Une \u00e9criture collective des olibrius qui interpr\u00e8tent cette farce&#8230; Participative ! \u00c0 plusieurs reprises, ils font un appel aux spectateurs, et aujourd&rsquo;hui, ils ont eu la chance d&rsquo;avoir dans la salle des partenaires d&rsquo;occasion, de grand talent ! D\u00e8s le d\u00e9but, j&rsquo;ai pens\u00e9 aux aventures des \u00ab\u00a0Pieds Nickel\u00e9s\u00a0\u00bb, une BD de mon enfance. Des gens [&hellip;]<\/p>\n","protected":false},"author":11,"featured_media":0,"comment_status":"closed","ping_status":"open","sticky":false,"template":"","format":"standard","meta":{"footnotes":""},"categories":[],"tags":[],"_links":{"self":[{"href":"https:\/\/www.yvelinesradio.com\/radio\/wp-json\/wp\/v2\/posts\/2151"}],"collection":[{"href":"https:\/\/www.yvelinesradio.com\/radio\/wp-json\/wp\/v2\/posts"}],"about":[{"href":"https:\/\/www.yvelinesradio.com\/radio\/wp-json\/wp\/v2\/types\/post"}],"author":[{"embeddable":true,"href":"https:\/\/www.yvelinesradio.com\/radio\/wp-json\/wp\/v2\/users\/11"}],"replies":[{"embeddable":true,"href":"https:\/\/www.yvelinesradio.com\/radio\/wp-json\/wp\/v2\/comments?post=2151"}],"version-history":[{"count":0,"href":"https:\/\/www.yvelinesradio.com\/radio\/wp-json\/wp\/v2\/posts\/2151\/revisions"}],"wp:attachment":[{"href":"https:\/\/www.yvelinesradio.com\/radio\/wp-json\/wp\/v2\/media?parent=2151"}],"wp:term":[{"taxonomy":"category","embeddable":true,"href":"https:\/\/www.yvelinesradio.com\/radio\/wp-json\/wp\/v2\/categories?post=2151"},{"taxonomy":"post_tag","embeddable":true,"href":"https:\/\/www.yvelinesradio.com\/radio\/wp-json\/wp\/v2\/tags?post=2151"}],"curies":[{"name":"wp","href":"https:\/\/api.w.org\/{rel}","templated":true}]}}