{"id":2144,"date":"2025-11-15T00:00:00","date_gmt":"2025-11-15T00:00:00","guid":{"rendered":""},"modified":"2025-11-15T00:00:00","modified_gmt":"2025-11-15T00:00:00","slug":"2025111720270","status":"publish","type":"post","link":"https:\/\/www.yvelinesradio.com\/radio\/2025\/11\/15\/2025111720270\/","title":{"rendered":"\u00ab\u00a0LES ENFANTS DU DIABLE\u00a0\u00bb au Studio H\u00e9bertot"},"content":{"rendered":"<figure class=\"wp-block-image size-full\"><img decoding=\"async\" src=\"https:\/\/www.yvelinesradio.com\/infos\/chroniques\/SORTIES_A_PARIS___LES_ENFANTS_DU_DIABLE__au_Studio_H_bert__3928086134.jpg.jpg\"alt=\"\" class=\"wp-image-32\" \/><\/figure><figure class=\"wp-block-audio\"><audio controls src=\"https:\/\/www.yvelinesradio.com\/infos\/chroniques\/SORTIES_A_PARIS___LES_ENFANTS_DU_DIABLE__au_Studio_H_bert__2806132823.mp3\"><\/audio><\/figure><p>La derni\u00e8re cr\u00e9ation de Cl\u00e9mence BARON, dont j&rsquo;avais beaucoup aim\u00e9 en 2021: \u00ab\u00a0FALLACIA\u00a0\u00bb, et en 2022: AUTHENTIQUE\u00a0\u00bb.\r\n\r\n \r\n\r\n\u00ab Un texte particuli\u00e8rement fort et une interpr\u00e9tation magistrale sur fond d&rsquo;une histoire bouleversante et bien r\u00e9elle \u00bb\r\n\r\nBucarest, 2009. 20 ans apr\u00e8s la chute des Ceau?escu.\r\nPlong\u00e9s dans l&rsquo;intimit\u00e9 du salon de Niki, \u00ab\u00a0Les Enfants du Diable\u00a0\u00bb d\u00e9voile l&rsquo;histoire d&rsquo;une fratrie au pass\u00e9 douloureux, marqu\u00e9 par la dictature. Lui a grandi dans les orphelinats \u00ab\u00a0mouroirs\u00a0\u00bb. Sa soeur, Veronica, a \u00e9t\u00e9 adopt\u00e9e par des Fran\u00e7ais et est devenue une vedette de la chanson.\r\n\r\n20 ans qu&rsquo;ils ne se sont pas vus, comment vont se passer les retrouvailles ? Une nuit c&rsquo;est court pour r\u00e9parer une vie ; une nuit c&rsquo;est cruel \u00e0 l&rsquo;\u00e9gal du temps qui passe.\r\nUne nuit pour retrouver de l&rsquo;humanit\u00e9 \u00e0 un monde qui semble souvent les avoir abandonn\u00e9s.\r\n\r\nChaque dialogue est une invitation \u00e0 rire, pleurer, s&rsquo;indigner, et toujours rester en mouvement\r\n\u00ab Se balancer, c&rsquo;est rester en mouvement, rester en mouvement, c&rsquo;est vivre \u00bb\r\n\r\nUne pi\u00e8ce bouleversante qui interroge sur les s\u00e9quelles du pass\u00e9 et leurs cons\u00e9quences sur notre avenir. Cette oeuvre, inspir\u00e9e d&rsquo;une histoire vraie, et interpr\u00e9t\u00e9e par deux magnifiques com\u00e9diens, ne vous laissera pas indiff\u00e9rent.\r\n\r\nDur\u00e9e : 1h10\r\n\r\n \r\n\r\nAvec: Cl\u00e9mence BARON &#038; Antoine CAFARO\r\n\r\n \r\n\r\nMise en Sc\u00e8ne: Patrick ZARD&rsquo;\r\n\r\n \r\n\r\nDu 24 Novembre 2025 au 19 Mars 2026\r\n\r\nLundi \u00e0 19h00\r\n\r\nMardi \u00e0 20h00\r\n\r\n\r\n \r\n\r\nSTUDIO H\u00c9BERTOT\r\n\r\n01 42 93 13 04\r\n\r\n \r\n\r\n \r\n\r\nRobert BONNARDOT<\/p>","protected":false},"excerpt":{"rendered":"<p>La derni\u00e8re cr\u00e9ation de Cl\u00e9mence BARON, dont j&rsquo;avais beaucoup aim\u00e9 en 2021: \u00ab\u00a0FALLACIA\u00a0\u00bb, et en 2022: AUTHENTIQUE\u00a0\u00bb. \u00ab Un texte particuli\u00e8rement fort et une interpr\u00e9tation magistrale sur fond d&rsquo;une histoire bouleversante et bien r\u00e9elle \u00bb Bucarest, 2009. 20 ans apr\u00e8s la chute des Ceau?escu. Plong\u00e9s dans l&rsquo;intimit\u00e9 du salon de Niki, \u00ab\u00a0Les Enfants du Diable\u00a0\u00bb [&hellip;]<\/p>\n","protected":false},"author":11,"featured_media":0,"comment_status":"closed","ping_status":"open","sticky":false,"template":"","format":"standard","meta":{"footnotes":""},"categories":[],"tags":[],"_links":{"self":[{"href":"https:\/\/www.yvelinesradio.com\/radio\/wp-json\/wp\/v2\/posts\/2144"}],"collection":[{"href":"https:\/\/www.yvelinesradio.com\/radio\/wp-json\/wp\/v2\/posts"}],"about":[{"href":"https:\/\/www.yvelinesradio.com\/radio\/wp-json\/wp\/v2\/types\/post"}],"author":[{"embeddable":true,"href":"https:\/\/www.yvelinesradio.com\/radio\/wp-json\/wp\/v2\/users\/11"}],"replies":[{"embeddable":true,"href":"https:\/\/www.yvelinesradio.com\/radio\/wp-json\/wp\/v2\/comments?post=2144"}],"version-history":[{"count":0,"href":"https:\/\/www.yvelinesradio.com\/radio\/wp-json\/wp\/v2\/posts\/2144\/revisions"}],"wp:attachment":[{"href":"https:\/\/www.yvelinesradio.com\/radio\/wp-json\/wp\/v2\/media?parent=2144"}],"wp:term":[{"taxonomy":"category","embeddable":true,"href":"https:\/\/www.yvelinesradio.com\/radio\/wp-json\/wp\/v2\/categories?post=2144"},{"taxonomy":"post_tag","embeddable":true,"href":"https:\/\/www.yvelinesradio.com\/radio\/wp-json\/wp\/v2\/tags?post=2144"}],"curies":[{"name":"wp","href":"https:\/\/api.w.org\/{rel}","templated":true}]}}