{"id":2143,"date":"2025-11-15T00:00:00","date_gmt":"2025-11-15T00:00:00","guid":{"rendered":""},"modified":"2025-11-15T00:00:00","modified_gmt":"2025-11-15T00:00:00","slug":"20251117666799","status":"publish","type":"post","link":"https:\/\/www.yvelinesradio.com\/radio\/2025\/11\/15\/20251117666799\/","title":{"rendered":"\u00ab\u00a0TRIBUTE to TINA TURNER\u00a0\u00bb"},"content":{"rendered":"<figure class=\"wp-block-image size-full\"><img decoding=\"async\" src=\"https:\/\/www.yvelinesradio.com\/infos\/chroniques\/SORTIES_A_PARIS___TRIBUTE_to_TINA_TURNER___0835922698.jpeg\"alt=\"\" class=\"wp-image-32\" \/><\/figure><figure class=\"wp-block-audio\"><audio controls src=\"https:\/\/www.yvelinesradio.com\/infos\/chroniques\/SORTIES_A_PARIS___TRIBUTE_to_TINA_TURNER___2582341048.mp3\"><\/audio><\/figure><p>Vous aimez ce qu&rsquo;on appelle aujourd&rsquo;hui un \u00ab\u00a0TRIBUTE\u00a0\u00bb, un hommage \u00e0 un artiste disparu.\r\n\r\nEt si vous aimiez Tina TURNER, Ang\u00e9line ANNONIER, ancienne choriste de Johnny Hallyday sur sc\u00e8ne,vous propose:\r\n\r\n\u00ab\u00a0TINA TURNER EXPERIENCE\u00a0\u00bb.*\r\n\r\nUn survol tr\u00e8s rythm\u00e9, de la carri\u00e8re de cette chanteuse, aim\u00e9 de tout le monde.\r\n\r\n \r\n\r\n\r\n \r\n\r\nTINA TURNER (1939-2023)\r\n\r\n \r\n\r\n \r\n\r\nSamedi 22 Novembre  2025 \u00e0 20h00\r\n\r\n \r\n\r\n \r\n\r\n\r\n \r\n\r\nTHE BACKSTAGE\r\n\r\n09 62 61 39 24\r\n\r\n \r\n\r\n \r\n\r\nRobert BONNARDOT<\/p>","protected":false},"excerpt":{"rendered":"<p>Vous aimez ce qu&rsquo;on appelle aujourd&rsquo;hui un \u00ab\u00a0TRIBUTE\u00a0\u00bb, un hommage \u00e0 un artiste disparu. Et si vous aimiez Tina TURNER, Ang\u00e9line ANNONIER, ancienne choriste de Johnny Hallyday sur sc\u00e8ne,vous propose: \u00ab\u00a0TINA TURNER EXPERIENCE\u00a0\u00bb.* Un survol tr\u00e8s rythm\u00e9, de la carri\u00e8re de cette chanteuse, aim\u00e9 de tout le monde. TINA TURNER (1939-2023) Samedi 22 Novembre 2025 [&hellip;]<\/p>\n","protected":false},"author":11,"featured_media":0,"comment_status":"closed","ping_status":"open","sticky":false,"template":"","format":"standard","meta":{"footnotes":""},"categories":[],"tags":[],"_links":{"self":[{"href":"https:\/\/www.yvelinesradio.com\/radio\/wp-json\/wp\/v2\/posts\/2143"}],"collection":[{"href":"https:\/\/www.yvelinesradio.com\/radio\/wp-json\/wp\/v2\/posts"}],"about":[{"href":"https:\/\/www.yvelinesradio.com\/radio\/wp-json\/wp\/v2\/types\/post"}],"author":[{"embeddable":true,"href":"https:\/\/www.yvelinesradio.com\/radio\/wp-json\/wp\/v2\/users\/11"}],"replies":[{"embeddable":true,"href":"https:\/\/www.yvelinesradio.com\/radio\/wp-json\/wp\/v2\/comments?post=2143"}],"version-history":[{"count":0,"href":"https:\/\/www.yvelinesradio.com\/radio\/wp-json\/wp\/v2\/posts\/2143\/revisions"}],"wp:attachment":[{"href":"https:\/\/www.yvelinesradio.com\/radio\/wp-json\/wp\/v2\/media?parent=2143"}],"wp:term":[{"taxonomy":"category","embeddable":true,"href":"https:\/\/www.yvelinesradio.com\/radio\/wp-json\/wp\/v2\/categories?post=2143"},{"taxonomy":"post_tag","embeddable":true,"href":"https:\/\/www.yvelinesradio.com\/radio\/wp-json\/wp\/v2\/tags?post=2143"}],"curies":[{"name":"wp","href":"https:\/\/api.w.org\/{rel}","templated":true}]}}