{"id":2141,"date":"2025-11-15T00:00:00","date_gmt":"2025-11-15T00:00:00","guid":{"rendered":""},"modified":"2025-11-15T00:00:00","modified_gmt":"2025-11-15T00:00:00","slug":"20251116537778","status":"publish","type":"post","link":"https:\/\/www.yvelinesradio.com\/radio\/2025\/11\/15\/20251116537778\/","title":{"rendered":"\u00ab\u00a0LES IMITATUEURS\u00a0\u00bb \u00e0  Paris, et partout en France"},"content":{"rendered":"<figure class=\"wp-block-image size-full\"><img decoding=\"async\" src=\"https:\/\/www.yvelinesradio.com\/infos\/chroniques\/SORTIES_A_PARIS___LES_IMITATUEURS_____Paris__et_partout_e__6065825881.jpg\"alt=\"\" class=\"wp-image-32\" \/><\/figure><figure class=\"wp-block-audio\"><audio controls src=\"https:\/\/www.yvelinesradio.com\/infos\/chroniques\/SORTIES_A_PARIS___LES_IMITATUEURS_____Paris__et_partout_e__1877534783.mp3\"><\/audio><\/figure><p>Un spectacle qui fait le plein, partout o\u00f9 il est programm\u00e9.\r\n\r\nAvec:\r\n\r\nEmma GATTUSO &#038; Thibaud CHOPLIN;\r\n\r\n \r\n\r\nEmma, apr\u00e8s avoir quitt\u00e9 le Cours Florent, est tomb\u00e9e dans l&rsquo;Humour Noir, tr\u00e8s jeune.\r\n\r\nSon premier spectacle s&rsquo;appelait \u00ab\u00a0Toute Petite d\u00e9j\u00e0&#8230;\u00a0\u00bb\r\n\r\nIl y a quelques ann\u00e9es, j&rsquo;avais ador\u00e9 son deuxi\u00e8me opus: \u00ab\u00a0Emma m&rsquo;a Tuer\u00a0\u00bb.\r\n\r\nThibaud, je le d\u00e9couvre, il a \u00e9t\u00e9 demi-finaliste de l&rsquo;\u00e9mission \u00ab\u00a0Un Incroyable Talent\u00a0\u00bb, et a fait les premi\u00e8res parties de Roland Magdane, \u00c9ric Antoine ou Christelle Chollet.\r\n\r\nIls tirent, sur tout ce qui bouge, et se gaussent de la vie politique&#8230;\r\n\r\nCes deux-l\u00e0, font une tourn\u00e9e gigantesque, avec quelques dates dans le temple des chansonniers.\r\n\r\nNe boudez pas votre plaisir, les spectateurs ressortent de la salle, le sourire aux l\u00e8vres !\r\n\r\n\r\n \r\n\r\nJusqu&rsquo;au 17 janvier 2026 \u00e0 21h00\r\n\r\n \r\n\r\nDur\u00e9e: 1h20\r\n\r\n \r\n\r\n\r\nTH\u00c9\u00c2TRE DES 2 \u00c2NES\r\n\r\n01 46 06 10 26\r\n\r\n \r\n\r\n \r\n\r\n \r\n\r\nRobert BONNARDOT\r\n\r\n <\/p>","protected":false},"excerpt":{"rendered":"<p>Un spectacle qui fait le plein, partout o\u00f9 il est programm\u00e9. Avec: Emma GATTUSO &#038; Thibaud CHOPLIN; Emma, apr\u00e8s avoir quitt\u00e9 le Cours Florent, est tomb\u00e9e dans l&rsquo;Humour Noir, tr\u00e8s jeune. Son premier spectacle s&rsquo;appelait \u00ab\u00a0Toute Petite d\u00e9j\u00e0&#8230;\u00a0\u00bb Il y a quelques ann\u00e9es, j&rsquo;avais ador\u00e9 son deuxi\u00e8me opus: \u00ab\u00a0Emma m&rsquo;a Tuer\u00a0\u00bb. Thibaud, je le d\u00e9couvre, [&hellip;]<\/p>\n","protected":false},"author":11,"featured_media":0,"comment_status":"closed","ping_status":"open","sticky":false,"template":"","format":"standard","meta":{"footnotes":""},"categories":[],"tags":[],"_links":{"self":[{"href":"https:\/\/www.yvelinesradio.com\/radio\/wp-json\/wp\/v2\/posts\/2141"}],"collection":[{"href":"https:\/\/www.yvelinesradio.com\/radio\/wp-json\/wp\/v2\/posts"}],"about":[{"href":"https:\/\/www.yvelinesradio.com\/radio\/wp-json\/wp\/v2\/types\/post"}],"author":[{"embeddable":true,"href":"https:\/\/www.yvelinesradio.com\/radio\/wp-json\/wp\/v2\/users\/11"}],"replies":[{"embeddable":true,"href":"https:\/\/www.yvelinesradio.com\/radio\/wp-json\/wp\/v2\/comments?post=2141"}],"version-history":[{"count":0,"href":"https:\/\/www.yvelinesradio.com\/radio\/wp-json\/wp\/v2\/posts\/2141\/revisions"}],"wp:attachment":[{"href":"https:\/\/www.yvelinesradio.com\/radio\/wp-json\/wp\/v2\/media?parent=2141"}],"wp:term":[{"taxonomy":"category","embeddable":true,"href":"https:\/\/www.yvelinesradio.com\/radio\/wp-json\/wp\/v2\/categories?post=2141"},{"taxonomy":"post_tag","embeddable":true,"href":"https:\/\/www.yvelinesradio.com\/radio\/wp-json\/wp\/v2\/tags?post=2141"}],"curies":[{"name":"wp","href":"https:\/\/api.w.org\/{rel}","templated":true}]}}