{"id":2138,"date":"2025-11-12T00:00:00","date_gmt":"2025-11-12T00:00:00","guid":{"rendered":""},"modified":"2025-11-12T00:00:00","modified_gmt":"2025-11-12T00:00:00","slug":"20251114469682","status":"publish","type":"post","link":"https:\/\/www.yvelinesradio.com\/radio\/2025\/11\/12\/20251114469682\/","title":{"rendered":"\u00ab\u00a0\u00c7A VA CHAUFFER !\u00a0\u00bb \u00e0 LA SC\u00c8NE PARISIENNE"},"content":{"rendered":"<figure class=\"wp-block-image size-full\"><img decoding=\"async\" src=\"https:\/\/www.yvelinesradio.com\/infos\/chroniques\/SORTIES_A_PARIS____A_VA_CHAUFFER______LA_SC_NE_PARISIENNE__6608116599.jpg\"alt=\"\" class=\"wp-image-32\" \/><\/figure><figure class=\"wp-block-audio\"><audio controls src=\"https:\/\/www.yvelinesradio.com\/infos\/chroniques\/SORTIES_A_PARIS____A_VA_CHAUFFER______LA_SC_NE_PARISIENNE__2448390556.mp3\"><\/audio><\/figure><p>Une com\u00e9die familiale, qui fait tr\u00e8s envie.\r\n\r\nOn la doit \u00e0: Sylvie AUDC\u008cUR, Bruno CHAPELLE et Olivier Y\u00c9NI.\r\n\r\nUn spectacle tr\u00e8s dr\u00f4le o\u00f9 les esprits s&rsquo;\u00e9chauffent plus vite que le climat.\r\n\r\nUne \u00e9cologiste bon teint, mari\u00e9e avec un transporteur routier qui ne jure que par le Diesel. ..\r\n\r\nUne autre veut r\u00e9nover un immeuble, style passoire thermique, contre l&rsquo;avis de tous ses occupants&#8230; Et d&rsquo;autres aventures \u00e0 d\u00e9couvrir.\r\n\r\n \r\n\r\nAvec:\r\n\r\nAude LENNER\r\n\r\nJuliette POISSONNIER\r\n\r\nEmmanuel DONZELLA\r\n\r\nOlivier Y\u00c9NI\r\n\r\nBenjamin BOLLEN\r\n\r\nQuant \u00e0 ceux qui \u00ab\u00a0habillent\u00a0\u00bb ce spectacle, que des grands talents:\r\n\r\nSc\u00e9nographie: Olivier PROST\r\n\r\nMusique: Sylvain MEYNIAC\r\n\r\nLumi\u00e8res: (Le magicien de la discipline), Jacques ROUVEYROLLIS\r\n\r\nCostumes: Marie CREDOU\r\n\r\n \r\n\r\nMise en Sc\u00e8ne: Jean-Luc MOREAU\r\n\r\n \r\n\r\nJusqu&rsquo;au 3 Janvier 2026\r\n\r\nDu Mercredi au Samedi \u00e0 19h30\r\n\r\n \r\n\r\nDur\u00e9e: 1h30\r\n\r\n \r\n\r\n\r\n \r\n\r\nTH\u00c9\u00c2TRE LA SC\u00c8NE PARISIENNE\r\n\r\n01 42 46 06 63\r\n\r\n \r\n\r\nRobert BONNARDOT<\/p>","protected":false},"excerpt":{"rendered":"<p>Une com\u00e9die familiale, qui fait tr\u00e8s envie. On la doit \u00e0: Sylvie AUDC\u008cUR, Bruno CHAPELLE et Olivier Y\u00c9NI. Un spectacle tr\u00e8s dr\u00f4le o\u00f9 les esprits s&rsquo;\u00e9chauffent plus vite que le climat. Une \u00e9cologiste bon teint, mari\u00e9e avec un transporteur routier qui ne jure que par le Diesel. .. Une autre veut r\u00e9nover un immeuble, style [&hellip;]<\/p>\n","protected":false},"author":11,"featured_media":0,"comment_status":"closed","ping_status":"open","sticky":false,"template":"","format":"standard","meta":{"footnotes":""},"categories":[],"tags":[],"_links":{"self":[{"href":"https:\/\/www.yvelinesradio.com\/radio\/wp-json\/wp\/v2\/posts\/2138"}],"collection":[{"href":"https:\/\/www.yvelinesradio.com\/radio\/wp-json\/wp\/v2\/posts"}],"about":[{"href":"https:\/\/www.yvelinesradio.com\/radio\/wp-json\/wp\/v2\/types\/post"}],"author":[{"embeddable":true,"href":"https:\/\/www.yvelinesradio.com\/radio\/wp-json\/wp\/v2\/users\/11"}],"replies":[{"embeddable":true,"href":"https:\/\/www.yvelinesradio.com\/radio\/wp-json\/wp\/v2\/comments?post=2138"}],"version-history":[{"count":0,"href":"https:\/\/www.yvelinesradio.com\/radio\/wp-json\/wp\/v2\/posts\/2138\/revisions"}],"wp:attachment":[{"href":"https:\/\/www.yvelinesradio.com\/radio\/wp-json\/wp\/v2\/media?parent=2138"}],"wp:term":[{"taxonomy":"category","embeddable":true,"href":"https:\/\/www.yvelinesradio.com\/radio\/wp-json\/wp\/v2\/categories?post=2138"},{"taxonomy":"post_tag","embeddable":true,"href":"https:\/\/www.yvelinesradio.com\/radio\/wp-json\/wp\/v2\/tags?post=2138"}],"curies":[{"name":"wp","href":"https:\/\/api.w.org\/{rel}","templated":true}]}}