{"id":2135,"date":"2025-11-10T00:00:00","date_gmt":"2025-11-10T00:00:00","guid":{"rendered":""},"modified":"2025-11-10T00:00:00","modified_gmt":"2025-11-10T00:00:00","slug":"2025111156060","status":"publish","type":"post","link":"https:\/\/www.yvelinesradio.com\/radio\/2025\/11\/10\/2025111156060\/","title":{"rendered":"\u00ab\u00a0BIGRE\u00a0\u00bb de retour au Th\u00e9\u00e2tre de l&rsquo;ATELIER"},"content":{"rendered":"<figure class=\"wp-block-image size-full\"><img decoding=\"async\" src=\"https:\/\/www.yvelinesradio.com\/infos\/chroniques\/SORTIES_A_PARIS___BIGRE__de_retour_au_Th__tre_de_l_ATELIE__5838279836.jpg\"alt=\"\" class=\"wp-image-32\" \/><\/figure><figure class=\"wp-block-audio\"><audio controls src=\"https:\/\/www.yvelinesradio.com\/infos\/chroniques\/SORTIES_A_PARIS___BIGRE__de_retour_au_Th__tre_de_l_ATELIE__0068847510.mp3\"><\/audio><\/figure><p>J&rsquo;ai vu \u00ab\u00a0BIGRE\u00a0\u00bb, il y a une dizaine d&rsquo;ann\u00e9es au Th\u00e9\u00e2tre Tristan-Bernhardt, et c&rsquo;est un tr\u00e8s bon souvenir.\r\n\r\nMoli\u00e8re de la Com\u00e9die en 2017.\r\n\r\nCette pi\u00e8ce revient au Th\u00e9\u00e2tre de l&rsquo;Atelier, et je vous conseille de ne pas la rater, vous allez rire et passer un tr\u00e8s bon moment! \r\n\r\n \r\n\r\n\u00ab\u00a0Trois chambres de bonne, sous les toits de Paris.\r\n\r\nDans la premi\u00e8re, un adepte de la domotique. Il aspire la poussi\u00e8re de ses semelles quand il rentre chez lui, quand il frappe dans les mains ses toilettes font leur apparition, sortant d&rsquo;un placard.\r\n\r\nDans la seconde, un baba-cool bord\u00e9lique qui dort dans un hamac et \u00e9l\u00e8ve de jolis lapins pour en faire&#8230;. Du civet&#8230;\r\n\r\nDans la troisi\u00e8me, une jolie blonde, avec un poisson rouge dans un bocal.\r\n\r\nTout ce petit monde se fr\u00e9quente, et sans prononcer un mot, va nous faire rire toutes les dix secondes.\r\n\r\nC&rsquo;est d\u00e9lirant et plein d&rsquo;id\u00e9es.\u00a0\u00bb\r\n\r\nUn spectacle de Pierre GUILLOIS, co-\u00e9crit avec:\r\n\r\nAgathe L&rsquo;HUILLIER &#038; Olivier MARTIN-SALVAN\r\n\r\n \r\n\r\nAvec, et en alternance:\r\n\r\nPierre GUILLOIS ou Bruno FLEURY\r\n\r\nAgathe L&rsquo;HUILLIER ou \u00c9l\u00e9onore AUZOU-CONNES ou Agn\u00e8s CRESSENT;\r\n\r\nOlivier MARTIN-SALVAN ou Jonathan PINTO-ROCHA ou Pierre DELAGE.\r\n\r\n \r\n\r\nCollaboration Artistique: Robin CAUSSE\r\n\r\nCostumes: Axel AUST\r\n\r\nD\u00e9cor: Laura L\u00c9ONARD\r\n\r\nLumi\u00e8res: Marie-H\u00e9l\u00e8ne PINON &#038; David CARREIRA\r\n\r\nCoiffures\/Maquillages: Catherine SAINT-SEVER\r\n\r\nSons: Roland AUFFRET et Lo\u00efc Le CADRE\r\n\r\nEffets Sp\u00e9ciaux: Abdul ALAFREZ et Ludovic PERCH\u00c9\r\n\r\n \r\n\r\nDu Mardi au Samedi \u00e0 21h00\r\n\r\nLes Dimanches \u00e0 16h00\r\n\r\n(Rel\u00e2ches 19 et 20 Novembre &#8211; 25 D\u00e9cembre et 1er Janvier)\r\n\r\nJusqu&rsquo;au 4 janvier 2026\r\n\r\n \r\n\r\nDur\u00e9e: 1h25\r\n\r\n \r\n\r\n\r\nTH\u00c9\u00c2TRE DE L&rsquo;ATELIER\r\n\r\n01 46 06 49 24\r\n\r\n \r\n\r\n \r\n\r\nRobert BONNARDOT<\/p>","protected":false},"excerpt":{"rendered":"<p>J&rsquo;ai vu \u00ab\u00a0BIGRE\u00a0\u00bb, il y a une dizaine d&rsquo;ann\u00e9es au Th\u00e9\u00e2tre Tristan-Bernhardt, et c&rsquo;est un tr\u00e8s bon souvenir. Moli\u00e8re de la Com\u00e9die en 2017. Cette pi\u00e8ce revient au Th\u00e9\u00e2tre de l&rsquo;Atelier, et je vous conseille de ne pas la rater, vous allez rire et passer un tr\u00e8s bon moment! \u00ab\u00a0Trois chambres de bonne, sous les [&hellip;]<\/p>\n","protected":false},"author":11,"featured_media":0,"comment_status":"closed","ping_status":"open","sticky":false,"template":"","format":"standard","meta":{"footnotes":""},"categories":[],"tags":[],"_links":{"self":[{"href":"https:\/\/www.yvelinesradio.com\/radio\/wp-json\/wp\/v2\/posts\/2135"}],"collection":[{"href":"https:\/\/www.yvelinesradio.com\/radio\/wp-json\/wp\/v2\/posts"}],"about":[{"href":"https:\/\/www.yvelinesradio.com\/radio\/wp-json\/wp\/v2\/types\/post"}],"author":[{"embeddable":true,"href":"https:\/\/www.yvelinesradio.com\/radio\/wp-json\/wp\/v2\/users\/11"}],"replies":[{"embeddable":true,"href":"https:\/\/www.yvelinesradio.com\/radio\/wp-json\/wp\/v2\/comments?post=2135"}],"version-history":[{"count":0,"href":"https:\/\/www.yvelinesradio.com\/radio\/wp-json\/wp\/v2\/posts\/2135\/revisions"}],"wp:attachment":[{"href":"https:\/\/www.yvelinesradio.com\/radio\/wp-json\/wp\/v2\/media?parent=2135"}],"wp:term":[{"taxonomy":"category","embeddable":true,"href":"https:\/\/www.yvelinesradio.com\/radio\/wp-json\/wp\/v2\/categories?post=2135"},{"taxonomy":"post_tag","embeddable":true,"href":"https:\/\/www.yvelinesradio.com\/radio\/wp-json\/wp\/v2\/tags?post=2135"}],"curies":[{"name":"wp","href":"https:\/\/api.w.org\/{rel}","templated":true}]}}