{"id":2134,"date":"2025-11-10T00:00:00","date_gmt":"2025-11-10T00:00:00","guid":{"rendered":""},"modified":"2025-11-10T00:00:00","modified_gmt":"2025-11-10T00:00:00","slug":"20251111706576","status":"publish","type":"post","link":"https:\/\/www.yvelinesradio.com\/radio\/2025\/11\/10\/20251111706576\/","title":{"rendered":"\u00ab\u00a0LE SILENCE DES VOIX QUI SE SONT TUES\u00a0\u00bb"},"content":{"rendered":"<figure class=\"wp-block-image size-full\"><img decoding=\"async\" src=\"https:\/\/www.yvelinesradio.com\/infos\/chroniques\/SORTIES_A_PARIS___LE_SILENCE_DES_VOIX_QUI_SE_SONT_TUES___2216072948.jpg\"alt=\"\" class=\"wp-image-32\" \/><\/figure><figure class=\"wp-block-audio\"><audio controls src=\"https:\/\/www.yvelinesradio.com\/infos\/chroniques\/SORTIES_A_PARIS___LE_SILENCE_DES_VOIX_QUI_SE_SONT_TUES___6929172703.mp3\"><\/audio><\/figure><p>Un seul en sc\u00e8ne poignant et m\u00e9moriel.\r\n\r\n \r\n\r\n \r\n\r\n\u00ab\u00a0\u00c0 travers les yeux de cinq\r\npersonnages &#8211; un r\u00e9sistant, le\r\nG\u00e9n\u00e9ral de Gaulle, un parachutiste,\r\nle g\u00e9n\u00e9ral Eisenhower et le g\u00e9n\u00e9ral\r\nRommel &#8211; revivez les moments\r\nd\u00e9cisifs de l&rsquo;Histoire.\r\nDe l&rsquo;invasion de l&rsquo;Europe \u00e0\r\nl&rsquo;op\u00e9ration Overlord, jusqu&rsquo;\u00e0 la\r\nLib\u00e9ration de Paris, une fresque\r\nvibrante d&rsquo;honneur et de courage.\r\nUn hommage aux h\u00e9ros oubli\u00e9s et\r\nune transmission essentielle des\r\nvaleurs de libert\u00e9, d&rsquo;\u00e9galit\u00e9 et de\r\nfraternit\u00e9.\r\nAvec Le Silence des Voix qui se sont\r\nTues, d\u00e9couvrez les destins crois\u00e9s\r\nde ceux qui ont tout donn\u00e9 pour\r\nque vive la d\u00e9mocratie.\u00a0\u00bb\r\nUne pi\u00e8ce de Laurence BOHEC\r\n\r\nAvec: Christophe PARIS\r\n\r\n \r\n\r\nLumi\u00e8res\/Sons: Fred AUGER\r\n\r\nCr\u00e9ation Vid\u00e9o: Pierre-Louis CHARDON\r\n\r\nCostumes: Alice GARDIN\r\n\r\n \r\n\r\nJusqu&rsquo;au 15 d\u00e9cembre 2025\r\n\r\nLes Lundis \u00e0 19h00\r\n\r\n \r\n\r\nDur\u00e9e: 1h10\r\n\r\n \r\n\r\n\r\nTH\u00c9\u00c2TRE DES MATHURINS\r\n\r\n01 42 65 90 00\r\n\r\n \r\n\r\n \r\n\r\nRobert BONNARDOT<\/p>","protected":false},"excerpt":{"rendered":"<p>Un seul en sc\u00e8ne poignant et m\u00e9moriel. \u00ab\u00a0\u00c0 travers les yeux de cinq personnages &#8211; un r\u00e9sistant, le G\u00e9n\u00e9ral de Gaulle, un parachutiste, le g\u00e9n\u00e9ral Eisenhower et le g\u00e9n\u00e9ral Rommel &#8211; revivez les moments d\u00e9cisifs de l&rsquo;Histoire. De l&rsquo;invasion de l&rsquo;Europe \u00e0 l&rsquo;op\u00e9ration Overlord, jusqu&rsquo;\u00e0 la Lib\u00e9ration de Paris, une fresque vibrante d&rsquo;honneur et de [&hellip;]<\/p>\n","protected":false},"author":11,"featured_media":0,"comment_status":"closed","ping_status":"open","sticky":false,"template":"","format":"standard","meta":{"footnotes":""},"categories":[],"tags":[],"_links":{"self":[{"href":"https:\/\/www.yvelinesradio.com\/radio\/wp-json\/wp\/v2\/posts\/2134"}],"collection":[{"href":"https:\/\/www.yvelinesradio.com\/radio\/wp-json\/wp\/v2\/posts"}],"about":[{"href":"https:\/\/www.yvelinesradio.com\/radio\/wp-json\/wp\/v2\/types\/post"}],"author":[{"embeddable":true,"href":"https:\/\/www.yvelinesradio.com\/radio\/wp-json\/wp\/v2\/users\/11"}],"replies":[{"embeddable":true,"href":"https:\/\/www.yvelinesradio.com\/radio\/wp-json\/wp\/v2\/comments?post=2134"}],"version-history":[{"count":0,"href":"https:\/\/www.yvelinesradio.com\/radio\/wp-json\/wp\/v2\/posts\/2134\/revisions"}],"wp:attachment":[{"href":"https:\/\/www.yvelinesradio.com\/radio\/wp-json\/wp\/v2\/media?parent=2134"}],"wp:term":[{"taxonomy":"category","embeddable":true,"href":"https:\/\/www.yvelinesradio.com\/radio\/wp-json\/wp\/v2\/categories?post=2134"},{"taxonomy":"post_tag","embeddable":true,"href":"https:\/\/www.yvelinesradio.com\/radio\/wp-json\/wp\/v2\/tags?post=2134"}],"curies":[{"name":"wp","href":"https:\/\/api.w.org\/{rel}","templated":true}]}}