{"id":2133,"date":"2025-11-09T00:00:00","date_gmt":"2025-11-09T00:00:00","guid":{"rendered":""},"modified":"2025-11-09T00:00:00","modified_gmt":"2025-11-09T00:00:00","slug":"20251111314673","status":"publish","type":"post","link":"https:\/\/www.yvelinesradio.com\/radio\/2025\/11\/09\/20251111314673\/","title":{"rendered":"\u00ab\u00a0DR\u00d4LE DE JUSTICE\u00a0\u00bb au Th\u00e9\u00e2tre de PASSY"},"content":{"rendered":"<figure class=\"wp-block-image size-full\"><img decoding=\"async\" src=\"https:\/\/www.yvelinesradio.com\/infos\/chroniques\/SORTIES_A_PARIS___DR_LE_DE_JUSTICE__au_Th__tre_de_PASSY__0312597988.jpg\"alt=\"\" class=\"wp-image-32\" \/><\/figure><figure class=\"wp-block-audio\"><audio controls src=\"https:\/\/www.yvelinesradio.com\/infos\/chroniques\/SORTIES_A_PARIS___DR_LE_DE_JUSTICE__au_Th__tre_de_PASSY__9427909792.mp3\"><\/audio><\/figure><p>En ce dimanche de Novembre ensoleill\u00e9, une salle pleine au Th\u00e9\u00e2tre de Passy, est venue  applaudir cette savoureuse com\u00e9die de Jean-Marie ROUART &#8211; de l&rsquo;Acad\u00e9mie Fran\u00e7aise &#8211; .\r\n\r\nAu d\u00e9but, on nous pr\u00e9vient que l&rsquo;action se d\u00e9roule dans un pays imaginaire, et qu&rsquo;il n&rsquo;est pas du tout question de la France.\r\n\r\nVerrait-on en France un haut fonctionnaire, prendre sa retraite et d\u00e9m\u00e9nager chez lui les meubles qui lui avaient \u00e9t\u00e9 attribu\u00e9s, pour sa fonction, par le Mobilier National? Bien \u00e9videmment que non&#8230; Quoi que&#8230;\r\n\r\nJe crois que c&rsquo;est la premi\u00e8re fois, que je vois Daniel RUSSO, jouer un personnage aussi antipathique, qu&rsquo;il nous rend si dr\u00f4le.\r\n\r\nC&rsquo;est amusant \u00e0 souhait, et on passe un tr\u00e8s bon moment que je vous conseille, de ne pas rater !\r\n\r\nAvec:\r\n\r\nFlorence DAREL\r\n\r\nThibaut de LUSSY\r\n\r\nBaptiste GONTHIER\r\n\r\nJulie SAVARD\r\n\r\nEliott CREN\r\n\r\nEt le merveilleux Daniel RUSSO.\r\n\r\n \r\n\r\nD\u00e9cor: Claude PIERSON\r\n\r\nCostumes: Marguerite SIDIK\r\n\r\nLumi\u00e8res: Jacques MONTALAND\r\n\r\nEt une musique, qui s&rsquo;insinue tr\u00e8s \u00e0 propos, du talentueux: Sylvain MEYNIAC.\r\n\r\n \r\n\r\nMise en Sc\u00e8ne: Daniel COLAS, assist\u00e9 de Coralie AUDRET;\r\n\r\n \r\n\r\nDur\u00e9e: 1h20\r\n\r\n Mercredi, Vendredi, Samedi \u00e0 19h00\r\n\r\nJeudi \u00e0 21h00\r\n\r\nDimanche \u00e0 15h00\r\n\r\n \r\n\r\n\r\n \r\n\r\nTH\u00c9\u00c2TRE DE PASSY\r\n\r\n01 82 28 56 40\r\n\r\n \r\n\r\n \r\n\r\nRobert BONNARDOT<\/p>","protected":false},"excerpt":{"rendered":"<p>En ce dimanche de Novembre ensoleill\u00e9, une salle pleine au Th\u00e9\u00e2tre de Passy, est venue applaudir cette savoureuse com\u00e9die de Jean-Marie ROUART &#8211; de l&rsquo;Acad\u00e9mie Fran\u00e7aise &#8211; . Au d\u00e9but, on nous pr\u00e9vient que l&rsquo;action se d\u00e9roule dans un pays imaginaire, et qu&rsquo;il n&rsquo;est pas du tout question de la France. Verrait-on en France un [&hellip;]<\/p>\n","protected":false},"author":11,"featured_media":0,"comment_status":"closed","ping_status":"open","sticky":false,"template":"","format":"standard","meta":{"footnotes":""},"categories":[],"tags":[],"_links":{"self":[{"href":"https:\/\/www.yvelinesradio.com\/radio\/wp-json\/wp\/v2\/posts\/2133"}],"collection":[{"href":"https:\/\/www.yvelinesradio.com\/radio\/wp-json\/wp\/v2\/posts"}],"about":[{"href":"https:\/\/www.yvelinesradio.com\/radio\/wp-json\/wp\/v2\/types\/post"}],"author":[{"embeddable":true,"href":"https:\/\/www.yvelinesradio.com\/radio\/wp-json\/wp\/v2\/users\/11"}],"replies":[{"embeddable":true,"href":"https:\/\/www.yvelinesradio.com\/radio\/wp-json\/wp\/v2\/comments?post=2133"}],"version-history":[{"count":0,"href":"https:\/\/www.yvelinesradio.com\/radio\/wp-json\/wp\/v2\/posts\/2133\/revisions"}],"wp:attachment":[{"href":"https:\/\/www.yvelinesradio.com\/radio\/wp-json\/wp\/v2\/media?parent=2133"}],"wp:term":[{"taxonomy":"category","embeddable":true,"href":"https:\/\/www.yvelinesradio.com\/radio\/wp-json\/wp\/v2\/categories?post=2133"},{"taxonomy":"post_tag","embeddable":true,"href":"https:\/\/www.yvelinesradio.com\/radio\/wp-json\/wp\/v2\/tags?post=2133"}],"curies":[{"name":"wp","href":"https:\/\/api.w.org\/{rel}","templated":true}]}}