{"id":2131,"date":"2025-11-10T00:00:00","date_gmt":"2025-11-10T00:00:00","guid":{"rendered":""},"modified":"2025-11-10T00:00:00","modified_gmt":"2025-11-10T00:00:00","slug":"20251111632325","status":"publish","type":"post","link":"https:\/\/www.yvelinesradio.com\/radio\/2025\/11\/10\/20251111632325\/","title":{"rendered":"Marl\u00e8ne Rodriguez fait rena\u00eetre Barbara gr\u00e2ce \u00e0 l&rsquo;IA !"},"content":{"rendered":"<figure class=\"wp-block-image size-full\"><img decoding=\"async\" src=\"https:\/\/www.yvelinesradio.com\/infos\/chroniques\/CATHERINE_BOUVIER__Marl_ne_Rodriguez_fait_rena_tre_Barbara___0295798450.png\"alt=\"\" class=\"wp-image-32\" \/><\/figure><figure class=\"wp-block-audio\"><audio controls src=\"https:\/\/www.yvelinesradio.com\/infos\/chroniques\/CATHERINE_BOUVIER__Marl_ne_Rodriguez_fait_rena_tre_Barbara___9331429805.mp3\"><\/audio><\/figure><p>D\u00e9couvrez ou red\u00e9couvrez la musique kitsch, r\u00e9tro, d\u00e9cal\u00e9e propos\u00e9e par notre \u00e9quipe d&rsquo;experts en kitschologie : Olivier, Agn\u00e8s, Lucie &#038; le Professeur Depuipeu.\r\n\r\nRejoignez-nous pour une heure de d\u00e9lires kitschs ! Nous pouvons \u00eatre kitschs et \u00e0 la pointe des nouveaut\u00e9s et du progr\u00e8s\u0085 Nous allons vous le prouver cette semaine dans notre \u00e9mission ! Nous vous apporterons un vent de fraicheur en vous pr\u00e9sentant la chanteuse Lundi, dont la voix vous dira n\u00e9anmoins quelque chose ; et accueillons l&rsquo;artiste Marl\u00e8ne, qui fait revivre une mythique consoeur gr\u00e2ce \u00e0 l&rsquo;IA !\r\n\r\nLa chanteuse et fl\u00fbtiste converse en effet avec une Barbara plus vraie que nature dans son spectacle \u00ab La dame en rouge chante la dame en noir \u00bb, qui a fait le bonheur du dernier Festival Off Avignon et qui ne demande maitenanrt qu&rsquo;\u00e0 grandir davantage\u0085 En attendant, elle vous pr\u00e9pare deux lives \u00e0 ne pas manquer, o\u00f9 son idole ne sera peut-\u00eatre pas loin\u0085\r\n\r\nUn autre mythe vous attand dans votre videoKITSCH : \u00ab Ulysse \u00bb, une chanson de Ridan, sortie en 2007 qui reprend le c\u00e9l\u00e8bre po\u00e8me \u00ab heureux qui comme Ulysse \u00bb de Joachim du Bellay, extrait du recueil \u00ab Les Regrets \u00bb en 1558. Une chanson avec laquelle le chanteur devient le meilleur ami des professeurs de fran\u00e7ais des coll\u00e8ges !\r\n\r\nDans le clip tout en animation, r\u00e9alis\u00e9 par Antoine Roegiers, on d\u00e9couvre un jeune homme dans une montgolfi\u00e8re accompagn\u00e9 de ses 2 ours, qui font un voyage, parcourse des horizons, le temps des saisons, de jours lev\u00e9s et soleil couch\u00e9s. Le tout avec un air entrainant, un dessin po\u00e9tique et un tr\u00e8s joli texte. On siffle l&rsquo;air et on est heureux, comme Ulysse !\r\n\r\nNous r\u00e9unissons toutes ces oeuvres musicales, oubli\u00e9es ou jamais connues, dans notre \u00ab kitschenette \u00bb, pour vous mitonner une cuisine sonore nouvelle et non calorique (ou si peu\u0085) aux parfums in\u00e9dits et savoureux !\r\n\r\nRetrouvez-nous lundi de 19h \u00e0 20h, mercredi de 9h \u00e0 10h, et vendredi de 21h \u00e0 22h, sur Yvelines Radio. Pour le meilleur et pour le rire\u0085\r\n\r\nEt pour poursuivre l&rsquo;aventure, rendez-vous aussi sur notre site:\r\n\r\nhttp:\/\/www.kitschetnet.fr <\/p>","protected":false},"excerpt":{"rendered":"<p>D\u00e9couvrez ou red\u00e9couvrez la musique kitsch, r\u00e9tro, d\u00e9cal\u00e9e propos\u00e9e par notre \u00e9quipe d&rsquo;experts en kitschologie : Olivier, Agn\u00e8s, Lucie &#038; le Professeur Depuipeu. Rejoignez-nous pour une heure de d\u00e9lires kitschs ! Nous pouvons \u00eatre kitschs et \u00e0 la pointe des nouveaut\u00e9s et du progr\u00e8s\u0085 Nous allons vous le prouver cette semaine dans notre \u00e9mission ! [&hellip;]<\/p>\n","protected":false},"author":15,"featured_media":0,"comment_status":"closed","ping_status":"open","sticky":false,"template":"","format":"standard","meta":{"footnotes":""},"categories":[],"tags":[],"_links":{"self":[{"href":"https:\/\/www.yvelinesradio.com\/radio\/wp-json\/wp\/v2\/posts\/2131"}],"collection":[{"href":"https:\/\/www.yvelinesradio.com\/radio\/wp-json\/wp\/v2\/posts"}],"about":[{"href":"https:\/\/www.yvelinesradio.com\/radio\/wp-json\/wp\/v2\/types\/post"}],"author":[{"embeddable":true,"href":"https:\/\/www.yvelinesradio.com\/radio\/wp-json\/wp\/v2\/users\/15"}],"replies":[{"embeddable":true,"href":"https:\/\/www.yvelinesradio.com\/radio\/wp-json\/wp\/v2\/comments?post=2131"}],"version-history":[{"count":0,"href":"https:\/\/www.yvelinesradio.com\/radio\/wp-json\/wp\/v2\/posts\/2131\/revisions"}],"wp:attachment":[{"href":"https:\/\/www.yvelinesradio.com\/radio\/wp-json\/wp\/v2\/media?parent=2131"}],"wp:term":[{"taxonomy":"category","embeddable":true,"href":"https:\/\/www.yvelinesradio.com\/radio\/wp-json\/wp\/v2\/categories?post=2131"},{"taxonomy":"post_tag","embeddable":true,"href":"https:\/\/www.yvelinesradio.com\/radio\/wp-json\/wp\/v2\/tags?post=2131"}],"curies":[{"name":"wp","href":"https:\/\/api.w.org\/{rel}","templated":true}]}}