{"id":2124,"date":"2025-11-08T00:00:00","date_gmt":"2025-11-08T00:00:00","guid":{"rendered":""},"modified":"2025-11-08T00:00:00","modified_gmt":"2025-11-08T00:00:00","slug":"20251110724493","status":"publish","type":"post","link":"https:\/\/www.yvelinesradio.com\/radio\/2025\/11\/08\/20251110724493\/","title":{"rendered":"\u00ab\u00a0LA SALIDA\u00a0\u00bb \u00e0 LA SCALA de PARIS"},"content":{"rendered":"<figure class=\"wp-block-image size-full\"><img decoding=\"async\" src=\"https:\/\/www.yvelinesradio.com\/infos\/chroniques\/SORTIES_A_PARIS___LA_SALIDA____LA_SCALA_de_PARIS__3794347773.png\"alt=\"\" class=\"wp-image-32\" \/><\/figure><figure class=\"wp-block-audio\"><audio controls src=\"https:\/\/www.yvelinesradio.com\/infos\/chroniques\/SORTIES_A_PARIS___LA_SALIDA____LA_SCALA_de_PARIS__3929472603.mp3\"><\/audio><\/figure><p>Un spectacle de Rub\u00e9n MOLINA, qui fait partie de la couleur musicale de la pi\u00e8ce \u00ab\u00a0DOLORES\u00a0\u00bb, qui fait succ\u00e8s depuis plusieurs  mois au Th\u00e9\u00e2tre Actuel LA BRUY\u00c8RE;\r\n\r\n \r\n\r\n \r\n\r\n \r\n\r\nDans ce spectacle, Rub\u00e9n Molina m\u00eale la danse, la voix, la musique live et le th\u00e9\u00e2tre pour r\u00e9inventer les codes du flamenco.\r\n\r\nIl dialogue avec la danse contemporaine et le classique espagnol afin de cr\u00e9er un langage universel qui d\u00e9passe les mots et permet d&rsquo;incarner toute l&rsquo;humanit\u00e9. Il s&rsquo;agit d&rsquo;une oeuvre cathartique o\u00f9 chaque mouvement porte une histoire. \u00ab La Salida \u00bb, qui signifie \u00ab La Sortie \u00bb en espagnol, symbolise l&rsquo;ouverture vers de nouvelles exp\u00e9riences, une \u00e9chapp\u00e9e v\u00e9cue comme un voyage qui permet \u00e0 Rub\u00e9n Molina de donner une voix aux minorit\u00e9s invisibilis\u00e9es.\r\n\r\nAvec Rub\u00e9n MOLINA\r\n\r\n \r\n\r\nLE 25 NOVEMBRE 2025\r\n\r\n\u00e0 19h00 et \u00e0 21h00\r\n\r\n \r\n\r\nDeux Repr\u00e9sentations exceptionnelles !\r\n\r\n \r\n\r\n\r\nTH\u00c9\u00c2TRE LA SCALA de PARIS\r\n\r\n01 40 03 44 30\r\n\r\n \r\n\r\nRobert BONNARDOT\r\n\r\n<\/p>","protected":false},"excerpt":{"rendered":"<p>Un spectacle de Rub\u00e9n MOLINA, qui fait partie de la couleur musicale de la pi\u00e8ce \u00ab\u00a0DOLORES\u00a0\u00bb, qui fait succ\u00e8s depuis plusieurs mois au Th\u00e9\u00e2tre Actuel LA BRUY\u00c8RE; Dans ce spectacle, Rub\u00e9n Molina m\u00eale la danse, la voix, la musique live et le th\u00e9\u00e2tre pour r\u00e9inventer les codes du flamenco. Il dialogue avec la danse contemporaine [&hellip;]<\/p>\n","protected":false},"author":11,"featured_media":0,"comment_status":"closed","ping_status":"open","sticky":false,"template":"","format":"standard","meta":{"footnotes":""},"categories":[],"tags":[],"_links":{"self":[{"href":"https:\/\/www.yvelinesradio.com\/radio\/wp-json\/wp\/v2\/posts\/2124"}],"collection":[{"href":"https:\/\/www.yvelinesradio.com\/radio\/wp-json\/wp\/v2\/posts"}],"about":[{"href":"https:\/\/www.yvelinesradio.com\/radio\/wp-json\/wp\/v2\/types\/post"}],"author":[{"embeddable":true,"href":"https:\/\/www.yvelinesradio.com\/radio\/wp-json\/wp\/v2\/users\/11"}],"replies":[{"embeddable":true,"href":"https:\/\/www.yvelinesradio.com\/radio\/wp-json\/wp\/v2\/comments?post=2124"}],"version-history":[{"count":0,"href":"https:\/\/www.yvelinesradio.com\/radio\/wp-json\/wp\/v2\/posts\/2124\/revisions"}],"wp:attachment":[{"href":"https:\/\/www.yvelinesradio.com\/radio\/wp-json\/wp\/v2\/media?parent=2124"}],"wp:term":[{"taxonomy":"category","embeddable":true,"href":"https:\/\/www.yvelinesradio.com\/radio\/wp-json\/wp\/v2\/categories?post=2124"},{"taxonomy":"post_tag","embeddable":true,"href":"https:\/\/www.yvelinesradio.com\/radio\/wp-json\/wp\/v2\/tags?post=2124"}],"curies":[{"name":"wp","href":"https:\/\/api.w.org\/{rel}","templated":true}]}}