{"id":2123,"date":"2025-11-08T00:00:00","date_gmt":"2025-11-08T00:00:00","guid":{"rendered":""},"modified":"2025-11-08T00:00:00","modified_gmt":"2025-11-08T00:00:00","slug":"20251110921352","status":"publish","type":"post","link":"https:\/\/www.yvelinesradio.com\/radio\/2025\/11\/08\/20251110921352\/","title":{"rendered":"\u00ab\u00a0LA CHOSE JUSTE\u00a0\u00bb au Th\u00e9\u00e2tre de La Reine Blanche"},"content":{"rendered":"<figure class=\"wp-block-image size-full\"><img decoding=\"async\" src=\"https:\/\/www.yvelinesradio.com\/infos\/chroniques\/SORTIES_A_PARIS___LA_CHOSE_JUSTE__au_Th__tre_de_La_Reine___3862361301.jpg\"alt=\"\" class=\"wp-image-32\" \/><\/figure><figure class=\"wp-block-audio\"><audio controls src=\"https:\/\/www.yvelinesradio.com\/infos\/chroniques\/SORTIES_A_PARIS___LA_CHOSE_JUSTE__au_Th__tre_de_La_Reine___6692257930.mp3\"><\/audio><\/figure><p>Un texte de Cl\u00e9mentine BILLY;\r\n\r\nLe Pitch:\r\n\r\n \r\n\r\nC&rsquo;est l&rsquo;\u00e9t\u00e9, la rumeur circule. Jos\u00e9, Roka, Jade, Manel apprennent que leur cit\u00e9 va\r\n\r\n\u00eatre d\u00e9truite. Est-ce bien r\u00e9el ? C&rsquo;est dans cette confusion que les habitants se\r\n\r\nr\u00e9unissent. Comment penser la suite de leur trajectoire ; comment demander une r\u00e9habilitation.\r\n\r\nCelle de trouver sa place juste dans le monde.\r\n\r\n \r\n\r\nFable moderne et br\u00fblante FAIS LA CHOSE JUSTE\r\n\r\ninterroge notre capacit\u00e9 \u00e0 vivre ensemble, notre relation\r\n\r\naux choix, aux liens entre territoires intimes et g\u00e9ographiques. Comment penser\r\n\r\nla ville aujourd&rsquo;hui sans qu&rsquo;elle soit stigmatisante ? \r\n\r\n\u00ab Impr\u00e9gn\u00e9e des t\u00e9moignages bouleversants, j&rsquo;ai cr\u00e9\u00e9 une fiction.\r\n\r\nJ&rsquo;ai crois\u00e9 les mat\u00e9riaux, les endroits de paroles, frott\u00e9 la r\u00e9alit\u00e9 \u00e0\r\n\r\nl&rsquo; imaginaire. J&rsquo;ai constitu\u00e9 une mosa\u00efque afin que l&rsquo;on se situe \u00e0 la\r\n\r\nlisi\u00e8re entre la r\u00e9alit\u00e9 et la fiction. \u00bb Clementine Billy \r\n\r\n \r\n\r\nAvec:\r\n\r\nJulia CASH\r\n\r\nConstance GUIOULLIER\r\n\r\nMa\u00eeka LOUAKAIRIM\r\n\r\nTeddy MELIS\r\n\r\nNino ROCHER\r\n\r\nCindy VINCENT\r\n\r\n \r\n\r\nMise en Sc\u00e8ne: Cl\u00e9mentine BILLY\r\n\r\n \r\n\r\nJusqu&rsquo;au 30 Novembre 2025\r\n\r\nDu Mardi au Vendredi \u00e0 19h00\r\n\r\nLes Dimanches \u00e0 16h00\r\n\r\n \r\n\r\nDur\u00e9e: 1h20\r\n\r\n \r\n\r\n\r\n \r\n\r\nTH\u00c9\u00c2TRE DE LA REINE BLANCHE\r\n\r\n01 40 05 06 96\r\n\r\n \r\n\r\n \r\n\r\n \r\n\r\nRobert BONNARDOT\r\n\r\n<\/p>","protected":false},"excerpt":{"rendered":"<p>Un texte de Cl\u00e9mentine BILLY; Le Pitch: C&rsquo;est l&rsquo;\u00e9t\u00e9, la rumeur circule. Jos\u00e9, Roka, Jade, Manel apprennent que leur cit\u00e9 va \u00eatre d\u00e9truite. Est-ce bien r\u00e9el ? C&rsquo;est dans cette confusion que les habitants se r\u00e9unissent. Comment penser la suite de leur trajectoire ; comment demander une r\u00e9habilitation. Celle de trouver sa place juste dans [&hellip;]<\/p>\n","protected":false},"author":11,"featured_media":0,"comment_status":"closed","ping_status":"open","sticky":false,"template":"","format":"standard","meta":{"footnotes":""},"categories":[],"tags":[],"_links":{"self":[{"href":"https:\/\/www.yvelinesradio.com\/radio\/wp-json\/wp\/v2\/posts\/2123"}],"collection":[{"href":"https:\/\/www.yvelinesradio.com\/radio\/wp-json\/wp\/v2\/posts"}],"about":[{"href":"https:\/\/www.yvelinesradio.com\/radio\/wp-json\/wp\/v2\/types\/post"}],"author":[{"embeddable":true,"href":"https:\/\/www.yvelinesradio.com\/radio\/wp-json\/wp\/v2\/users\/11"}],"replies":[{"embeddable":true,"href":"https:\/\/www.yvelinesradio.com\/radio\/wp-json\/wp\/v2\/comments?post=2123"}],"version-history":[{"count":0,"href":"https:\/\/www.yvelinesradio.com\/radio\/wp-json\/wp\/v2\/posts\/2123\/revisions"}],"wp:attachment":[{"href":"https:\/\/www.yvelinesradio.com\/radio\/wp-json\/wp\/v2\/media?parent=2123"}],"wp:term":[{"taxonomy":"category","embeddable":true,"href":"https:\/\/www.yvelinesradio.com\/radio\/wp-json\/wp\/v2\/categories?post=2123"},{"taxonomy":"post_tag","embeddable":true,"href":"https:\/\/www.yvelinesradio.com\/radio\/wp-json\/wp\/v2\/tags?post=2123"}],"curies":[{"name":"wp","href":"https:\/\/api.w.org\/{rel}","templated":true}]}}