{"id":2120,"date":"2025-11-07T00:00:00","date_gmt":"2025-11-07T00:00:00","guid":{"rendered":""},"modified":"2025-11-07T00:00:00","modified_gmt":"2025-11-07T00:00:00","slug":"20251109104827","status":"publish","type":"post","link":"https:\/\/www.yvelinesradio.com\/radio\/2025\/11\/07\/20251109104827\/","title":{"rendered":"\u00ab\u00a0M\u00caME PAS M\u00c2LES\u00a0\u00bb au Montmartre Galabru"},"content":{"rendered":"<figure class=\"wp-block-image size-full\"><img decoding=\"async\" src=\"https:\/\/www.yvelinesradio.com\/infos\/chroniques\/SORTIES_A_PARIS___M_ME_PAS_M_LES__au_Montmartre_Galabru__3113386037.jpg\"alt=\"\" class=\"wp-image-32\" \/><\/figure><figure class=\"wp-block-audio\"><audio controls src=\"https:\/\/www.yvelinesradio.com\/infos\/chroniques\/SORTIES_A_PARIS___M_ME_PAS_M_LES__au_Montmartre_Galabru__3373437179.mp3\"><\/audio><\/figure><p>Si je n&rsquo;avais pas eu une toux persistante, j&rsquo;aurais eu le plaisir de voir ce soir \u00ab\u00a0M\u00eame pas M\u00e2les\u00a0\u00bb.\r\n\r\nJe fustige r\u00e9guli\u00e8rement ceux qui n&rsquo;ont pas  mon \u00e9thique, et viennent tousser dans un th\u00e9\u00e2tre, au lieu de reporter leur r\u00e9servation.\r\n\r\nUne pi\u00e8ce, avec une \u00e9criture chorale:\r\n\r\nNadia JANDEAU\r\n\r\nMarie FAVASULI\r\n\r\nKatia SCARTON KIM\r\n\r\nMarina GAUTHIER\r\n\r\n \r\n\r\nLe Pitch:\r\n\r\n\u00ab\u00a0Trois chroniqueuses de radio, sont mises au placard, alors elles s&#8217;emparent des ondes, pr\u00eates \u00e0 tout pour reprendre leur place, elles vont faire de leur radio, leur propre r\u00e9volution&#8230;\r\n\r\nEntre revendications, r\u00e9v\u00e9lations et f\u00e9minisme, elles s&rsquo;appr\u00eatent \u00e0 bousculer les codes, et bien plus encore&#8230;\u00a0\u00bb\r\n\r\n \r\n\r\nToutes les critiques soulignent l&rsquo;\u00e9vidence de voir les com\u00e9diennes, vivre un bon moment avec ce texte !\r\n\r\nAlors, ne boudez pas votre plaisir, et venez partager leur all\u00e9gresse.\r\n\r\n \r\n\r\nAvec:\r\n\r\nNadia JANDEAU\r\n\r\nMarie FAVASULI\r\n\r\nKatia SCARTON KIM\r\n\r\n \r\n\r\nMise en sc\u00e8ne: Marina GAUTIER, assist\u00e9e de LOO.\r\n\r\n \r\n\r\nJe ne connais aucune des com\u00e9diennes de cette distribution, seulement Marina GAUTHIER, qui  signe la Mise en Sc\u00e8ne, et en 2017, elle  m&rsquo;avait fait forte impression avec \u00ab\u00a0MASCARADES\u00a0\u00bb.\r\n\r\nJ&rsquo;attends  depuis, qu&rsquo;elle me donne le m\u00eame plaisir !!!\r\n\r\n \r\n\r\nJusqu&rsquo;au 19 D\u00e9cembre 2025\r\n\r\nLes Vendredis \u00e0 21h30\r\n\r\n \r\n\r\nDur\u00e9e: 1h25\r\n\r\n \r\n\r\n\r\nTH\u00c9\u00c2TRE MONTMARTRE GALABRU\r\n\r\n01 42 23 15 85\r\n\r\n \r\n\r\n \r\n\r\nRobert BONNARDOT<\/p>","protected":false},"excerpt":{"rendered":"<p>Si je n&rsquo;avais pas eu une toux persistante, j&rsquo;aurais eu le plaisir de voir ce soir \u00ab\u00a0M\u00eame pas M\u00e2les\u00a0\u00bb. Je fustige r\u00e9guli\u00e8rement ceux qui n&rsquo;ont pas mon \u00e9thique, et viennent tousser dans un th\u00e9\u00e2tre, au lieu de reporter leur r\u00e9servation. Une pi\u00e8ce, avec une \u00e9criture chorale: Nadia JANDEAU Marie FAVASULI Katia SCARTON KIM Marina GAUTHIER [&hellip;]<\/p>\n","protected":false},"author":11,"featured_media":0,"comment_status":"closed","ping_status":"open","sticky":false,"template":"","format":"standard","meta":{"footnotes":""},"categories":[],"tags":[],"_links":{"self":[{"href":"https:\/\/www.yvelinesradio.com\/radio\/wp-json\/wp\/v2\/posts\/2120"}],"collection":[{"href":"https:\/\/www.yvelinesradio.com\/radio\/wp-json\/wp\/v2\/posts"}],"about":[{"href":"https:\/\/www.yvelinesradio.com\/radio\/wp-json\/wp\/v2\/types\/post"}],"author":[{"embeddable":true,"href":"https:\/\/www.yvelinesradio.com\/radio\/wp-json\/wp\/v2\/users\/11"}],"replies":[{"embeddable":true,"href":"https:\/\/www.yvelinesradio.com\/radio\/wp-json\/wp\/v2\/comments?post=2120"}],"version-history":[{"count":0,"href":"https:\/\/www.yvelinesradio.com\/radio\/wp-json\/wp\/v2\/posts\/2120\/revisions"}],"wp:attachment":[{"href":"https:\/\/www.yvelinesradio.com\/radio\/wp-json\/wp\/v2\/media?parent=2120"}],"wp:term":[{"taxonomy":"category","embeddable":true,"href":"https:\/\/www.yvelinesradio.com\/radio\/wp-json\/wp\/v2\/categories?post=2120"},{"taxonomy":"post_tag","embeddable":true,"href":"https:\/\/www.yvelinesradio.com\/radio\/wp-json\/wp\/v2\/tags?post=2120"}],"curies":[{"name":"wp","href":"https:\/\/api.w.org\/{rel}","templated":true}]}}