{"id":2119,"date":"2025-11-06T00:00:00","date_gmt":"2025-11-06T00:00:00","guid":{"rendered":""},"modified":"2025-11-06T00:00:00","modified_gmt":"2025-11-06T00:00:00","slug":"2025110841016","status":"publish","type":"post","link":"https:\/\/www.yvelinesradio.com\/radio\/2025\/11\/06\/2025110841016\/","title":{"rendered":"\u00ab\u00a0LES CARNETS DU SOUS-SOL\u00a0\u00bb \u00e0 l &lsquo;ESSA\u00cfON"},"content":{"rendered":"<figure class=\"wp-block-image size-full\"><img decoding=\"async\" src=\"https:\/\/www.yvelinesradio.com\/infos\/chroniques\/SORTIES_A_PARIS___LES_CARNETS_DU_SOUS_SOL____l__ESSA_ON__8187227306.jpg\"alt=\"\" class=\"wp-image-32\" \/><\/figure><figure class=\"wp-block-audio\"><audio controls src=\"https:\/\/www.yvelinesradio.com\/infos\/chroniques\/SORTIES_A_PARIS___LES_CARNETS_DU_SOUS_SOL____l__ESSA_ON__2461715186.mp3\"><\/audio><\/figure><p>Une pi\u00e8ce de Fiodor DOSTO\u00cfEVSKI, traduite par Andr\u00e9 MARKOWICZ.\r\n\r\nAdaptation th\u00e9\u00e2trale: Marie BALLET;\r\n\r\nLe Pitch:\r\n\r\n\u00a0\u00bb Les Carnets du sous-sol, c&rsquo;est le r\u00e9cit d&rsquo;un homme de quarante ans, vivant \u00e0 Saint-P\u00e9tersbourg, malade du foie depuis une vingtaine d&rsquo;ann\u00e9es, ancien fonctionnaire retrait\u00e9 vivant d&rsquo;un petit h\u00e9ritage apr\u00e8s avoir d\u00e9missionn\u00e9,  et qui s&rsquo;est r\u00e9fugi\u00e9 dans son sous-sol pour y rendre compte de sa conscience aigu\u00eb du monde et des hommes. \u00a0\u00bb\r\n\r\n \r\n\r\nJeu\/Mise en Sc\u00e8ne: Christophe LAPARRA\r\n\r\n \r\n\r\nCr\u00e9ation Lumi\u00e8res: Xavier BERNARD-JAOUL\r\n\r\n \r\n\r\nDu 10 Novembre 2025 au 20 Janvier 2026\r\n\r\nLes Lundis et Mardis \u00e0 21h00\r\n\r\n \r\n\r\nDur\u00e9e: 1h15\r\n\r\n \r\n\r\n\r\n \r\n\r\nTH\u00c9\u00c2TRE L&rsquo;ESSA\u00cfON\r\n\r\n(Salle Cabaret)\r\n\r\n01 42 78 46 42\r\n\r\n \r\n\r\n \r\n\r\nRobert BONNARDOT<\/p>","protected":false},"excerpt":{"rendered":"<p>Une pi\u00e8ce de Fiodor DOSTO\u00cfEVSKI, traduite par Andr\u00e9 MARKOWICZ. Adaptation th\u00e9\u00e2trale: Marie BALLET; Le Pitch: \u00a0\u00bb Les Carnets du sous-sol, c&rsquo;est le r\u00e9cit d&rsquo;un homme de quarante ans, vivant \u00e0 Saint-P\u00e9tersbourg, malade du foie depuis une vingtaine d&rsquo;ann\u00e9es, ancien fonctionnaire retrait\u00e9 vivant d&rsquo;un petit h\u00e9ritage apr\u00e8s avoir d\u00e9missionn\u00e9, et qui s&rsquo;est r\u00e9fugi\u00e9 dans son sous-sol [&hellip;]<\/p>\n","protected":false},"author":11,"featured_media":0,"comment_status":"closed","ping_status":"open","sticky":false,"template":"","format":"standard","meta":{"footnotes":""},"categories":[],"tags":[],"_links":{"self":[{"href":"https:\/\/www.yvelinesradio.com\/radio\/wp-json\/wp\/v2\/posts\/2119"}],"collection":[{"href":"https:\/\/www.yvelinesradio.com\/radio\/wp-json\/wp\/v2\/posts"}],"about":[{"href":"https:\/\/www.yvelinesradio.com\/radio\/wp-json\/wp\/v2\/types\/post"}],"author":[{"embeddable":true,"href":"https:\/\/www.yvelinesradio.com\/radio\/wp-json\/wp\/v2\/users\/11"}],"replies":[{"embeddable":true,"href":"https:\/\/www.yvelinesradio.com\/radio\/wp-json\/wp\/v2\/comments?post=2119"}],"version-history":[{"count":0,"href":"https:\/\/www.yvelinesradio.com\/radio\/wp-json\/wp\/v2\/posts\/2119\/revisions"}],"wp:attachment":[{"href":"https:\/\/www.yvelinesradio.com\/radio\/wp-json\/wp\/v2\/media?parent=2119"}],"wp:term":[{"taxonomy":"category","embeddable":true,"href":"https:\/\/www.yvelinesradio.com\/radio\/wp-json\/wp\/v2\/categories?post=2119"},{"taxonomy":"post_tag","embeddable":true,"href":"https:\/\/www.yvelinesradio.com\/radio\/wp-json\/wp\/v2\/tags?post=2119"}],"curies":[{"name":"wp","href":"https:\/\/api.w.org\/{rel}","templated":true}]}}