{"id":2118,"date":"2025-11-06T00:00:00","date_gmt":"2025-11-06T00:00:00","guid":{"rendered":""},"modified":"2025-11-06T00:00:00","modified_gmt":"2025-11-06T00:00:00","slug":"20251108663092","status":"publish","type":"post","link":"https:\/\/www.yvelinesradio.com\/radio\/2025\/11\/06\/20251108663092\/","title":{"rendered":"\u00ab\u00a0Vincent, son Mari  et sa Femme\u00a0\u00bb de retour \u00e0 l&rsquo;ESSA\u00cfON"},"content":{"rendered":"<figure class=\"wp-block-image size-full\"><img decoding=\"async\" src=\"https:\/\/www.yvelinesradio.com\/infos\/chroniques\/SORTIES_A_PARIS___Vincent__son_Mari__et_sa_Femme__de_reto__7632905408.jpg\"alt=\"\" class=\"wp-image-32\" \/><\/figure><figure class=\"wp-block-audio\"><audio controls src=\"https:\/\/www.yvelinesradio.com\/infos\/chroniques\/SORTIES_A_PARIS___Vincent__son_Mari__et_sa_Femme__de_reto__6522378580.mp3\"><\/audio><\/figure><p>Betty et Gr\u00e9goire se partagent Vincent, depuis 35 ans.\r\n\r\nC&rsquo;est une longue histoire, jusqu&rsquo;au jour o\u00f9 Betty et Gr\u00e9goire d\u00e9couvrent que Vincent les trompe avec un plus jeune, un plus beau&#8230;\r\n\r\n \r\n\r\nUne com\u00e9die de Fr\u00e9d\u00e9ric SABROU\r\n\r\n \r\n\r\nAvec:\r\n\r\nIsabelle H\u00c9TIER\r\n\r\nJean GRIMAUD\r\n\r\nPascal RUIZ\r\n\r\n \r\n\r\nMusique\/Mise-en-Sc\u00e8ne: Fr\u00e9d\u00e9ric SABROU\r\n\r\n \r\n\r\nJusqu&rsquo;au 10 Janvier 2026\r\n\r\nDu Jeudi au Samedi \u00e0 20h50\r\n\r\n \r\n\r\nDur\u00e9e: 1h20\r\n\r\n \r\n\r\n\r\n \r\n\r\nTH\u00c9\u00c2TRE DE L&rsquo;ESSA\u00ceON\r\n\r\n(Salle Th\u00e9\u00e2tre)\r\n\r\n01 42 78 46 42\r\n\r\n \r\n\r\n \r\n\r\nRobert BONNARDOT<\/p>","protected":false},"excerpt":{"rendered":"<p>Betty et Gr\u00e9goire se partagent Vincent, depuis 35 ans. C&rsquo;est une longue histoire, jusqu&rsquo;au jour o\u00f9 Betty et Gr\u00e9goire d\u00e9couvrent que Vincent les trompe avec un plus jeune, un plus beau&#8230; Une com\u00e9die de Fr\u00e9d\u00e9ric SABROU Avec: Isabelle H\u00c9TIER Jean GRIMAUD Pascal RUIZ Musique\/Mise-en-Sc\u00e8ne: Fr\u00e9d\u00e9ric SABROU Jusqu&rsquo;au 10 Janvier 2026 Du Jeudi au Samedi \u00e0 [&hellip;]<\/p>\n","protected":false},"author":11,"featured_media":0,"comment_status":"closed","ping_status":"open","sticky":false,"template":"","format":"standard","meta":{"footnotes":""},"categories":[],"tags":[],"_links":{"self":[{"href":"https:\/\/www.yvelinesradio.com\/radio\/wp-json\/wp\/v2\/posts\/2118"}],"collection":[{"href":"https:\/\/www.yvelinesradio.com\/radio\/wp-json\/wp\/v2\/posts"}],"about":[{"href":"https:\/\/www.yvelinesradio.com\/radio\/wp-json\/wp\/v2\/types\/post"}],"author":[{"embeddable":true,"href":"https:\/\/www.yvelinesradio.com\/radio\/wp-json\/wp\/v2\/users\/11"}],"replies":[{"embeddable":true,"href":"https:\/\/www.yvelinesradio.com\/radio\/wp-json\/wp\/v2\/comments?post=2118"}],"version-history":[{"count":0,"href":"https:\/\/www.yvelinesradio.com\/radio\/wp-json\/wp\/v2\/posts\/2118\/revisions"}],"wp:attachment":[{"href":"https:\/\/www.yvelinesradio.com\/radio\/wp-json\/wp\/v2\/media?parent=2118"}],"wp:term":[{"taxonomy":"category","embeddable":true,"href":"https:\/\/www.yvelinesradio.com\/radio\/wp-json\/wp\/v2\/categories?post=2118"},{"taxonomy":"post_tag","embeddable":true,"href":"https:\/\/www.yvelinesradio.com\/radio\/wp-json\/wp\/v2\/tags?post=2118"}],"curies":[{"name":"wp","href":"https:\/\/api.w.org\/{rel}","templated":true}]}}