{"id":2114,"date":"2025-11-03T00:00:00","date_gmt":"2025-11-03T00:00:00","guid":{"rendered":""},"modified":"2025-11-03T00:00:00","modified_gmt":"2025-11-03T00:00:00","slug":"2025110590103","status":"publish","type":"post","link":"https:\/\/www.yvelinesradio.com\/radio\/2025\/11\/03\/2025110590103\/","title":{"rendered":"\u00ab\u00a0KILLER JOE\u00a0\u00bb au Th\u00e9\u00e2tre de l&rsquo;\u008cUVRE"},"content":{"rendered":"<figure class=\"wp-block-image size-full\"><img decoding=\"async\" src=\"https:\/\/www.yvelinesradio.com\/infos\/chroniques\/SORTIES_A_PARIS___KILLER_JOE__au_Th__tre_de_l__UVRE__5863059009.jpg.jpg\"alt=\"\" class=\"wp-image-32\" \/><\/figure><figure class=\"wp-block-audio\"><audio controls src=\"https:\/\/www.yvelinesradio.com\/infos\/chroniques\/SORTIES_A_PARIS___KILLER_JOE__au_Th__tre_de_l__UVRE__1563007641.mp3\"><\/audio><\/figure><p>Une pi\u00e8ce de Tracy LETTS, qui a \u00e9t\u00e9 un film en 2011, r\u00e9alis\u00e9 par William FRIEDKIN.\r\n\r\nC&rsquo;est aujourd&rsquo;hui une adaptation de Sophie PAREL et Patrice COSTA, qui vous attend au th\u00e9\u00e2tre de l&rsquo;\u008cUVRE, et c&rsquo;est un spectacle qui fera date, et que vous n&rsquo;oublierez jamais !\r\n\r\nUne distribution de com\u00e9diennes et com\u00e9diens, plus excellents les uns que les autres.\r\n\r\nUn spectacle \u00e0 couper le souffle.\r\n\r\nC&rsquo;est &#8211; sans le moindre doute &#8211; l&rsquo;affiche \u00e0 ne surtout pas manquer en cette fin d&rsquo;ann\u00e9e.\r\n\r\nUne sombre histoire qui arrive \u00e0 une famille de gens pas tr\u00e8s malins, dans une am\u00e9rique profonde, et pour lesquels \u00ab\u00a0humanit\u00e9\u00a0\u00bb doit \u00eatre un gros mot.\r\n\r\nAvec:\r\n\r\nBenoit SOLES\r\n\r\nRod PARADOT\r\n\r\nPauline LEFEVRE\r\n\r\nOlivier SITRUK\r\n\r\nCarla MUYS.\r\n\r\nEt un guitariste\/fredonneur sur sc\u00e8ne: Neil CHABLAOUI.\r\n\r\n \r\n\r\nLumi\u00e8res: Denis KORANSKY\r\n\r\nSc\u00e9nographie: Georges VAURAZ\r\n\r\nCostumes: M\u00e9lisande de SERRES\r\n\r\nChor\u00e9graphies: Sophie MAYER\r\n\r\nMusiques:  Yann COSTE\r\n\r\n \r\n\r\nUne totale r\u00e9ussite, r\u00e9servez-vite !!!\r\n\r\n \r\n\r\nMise en Sc\u00e8ne: Patrick COSTA, assist\u00e9 de Sophie NICOLLAS\r\n\r\n \r\n\r\nJusqu&rsquo;au 4 Janvier 2026\r\n\r\nDu Jeudi au Samedi \u00e0 21h00\r\n\r\nLes Dimanches \u00e0 18h00\r\n\r\n(Rel\u00e2ches le 25 d\u00e9cembre 2025 et le 1er janvier 2026)\r\n\r\n \r\n\r\nDur\u00e9e: 1h30\r\n\r\n \r\n\r\n\r\n \r\n\r\nTH\u00c9\u00c2TRE DE L&rsquo;\u008cUVRE\r\n\r\n01 44 53 88 88\r\n\r\n \r\n\r\nRobert BONNARDOT<\/p>","protected":false},"excerpt":{"rendered":"<p>Une pi\u00e8ce de Tracy LETTS, qui a \u00e9t\u00e9 un film en 2011, r\u00e9alis\u00e9 par William FRIEDKIN. C&rsquo;est aujourd&rsquo;hui une adaptation de Sophie PAREL et Patrice COSTA, qui vous attend au th\u00e9\u00e2tre de l&rsquo;\u008cUVRE, et c&rsquo;est un spectacle qui fera date, et que vous n&rsquo;oublierez jamais ! Une distribution de com\u00e9diennes et com\u00e9diens, plus excellents les [&hellip;]<\/p>\n","protected":false},"author":11,"featured_media":0,"comment_status":"closed","ping_status":"open","sticky":false,"template":"","format":"standard","meta":{"footnotes":""},"categories":[],"tags":[],"_links":{"self":[{"href":"https:\/\/www.yvelinesradio.com\/radio\/wp-json\/wp\/v2\/posts\/2114"}],"collection":[{"href":"https:\/\/www.yvelinesradio.com\/radio\/wp-json\/wp\/v2\/posts"}],"about":[{"href":"https:\/\/www.yvelinesradio.com\/radio\/wp-json\/wp\/v2\/types\/post"}],"author":[{"embeddable":true,"href":"https:\/\/www.yvelinesradio.com\/radio\/wp-json\/wp\/v2\/users\/11"}],"replies":[{"embeddable":true,"href":"https:\/\/www.yvelinesradio.com\/radio\/wp-json\/wp\/v2\/comments?post=2114"}],"version-history":[{"count":0,"href":"https:\/\/www.yvelinesradio.com\/radio\/wp-json\/wp\/v2\/posts\/2114\/revisions"}],"wp:attachment":[{"href":"https:\/\/www.yvelinesradio.com\/radio\/wp-json\/wp\/v2\/media?parent=2114"}],"wp:term":[{"taxonomy":"category","embeddable":true,"href":"https:\/\/www.yvelinesradio.com\/radio\/wp-json\/wp\/v2\/categories?post=2114"},{"taxonomy":"post_tag","embeddable":true,"href":"https:\/\/www.yvelinesradio.com\/radio\/wp-json\/wp\/v2\/tags?post=2114"}],"curies":[{"name":"wp","href":"https:\/\/api.w.org\/{rel}","templated":true}]}}