{"id":2113,"date":"2025-11-03T00:00:00","date_gmt":"2025-11-03T00:00:00","guid":{"rendered":""},"modified":"2025-11-03T00:00:00","modified_gmt":"2025-11-03T00:00:00","slug":"20251105408790","status":"publish","type":"post","link":"https:\/\/www.yvelinesradio.com\/radio\/2025\/11\/03\/20251105408790\/","title":{"rendered":"\u00ab\u00a0LE ROI DES PAS y croit encore !\u00a0\u00bb Th\u00e9\u00e2tre LE CONTRESCARPE"},"content":{"rendered":"<figure class=\"wp-block-image size-full\"><img decoding=\"async\" src=\"https:\/\/www.yvelinesradio.com\/infos\/chroniques\/SORTIES_A_PARIS___LE_ROI_DES_PAS_y_croit_encore____Th__tr__2672639503.jpg\"alt=\"\" class=\"wp-image-32\" \/><\/figure><figure class=\"wp-block-audio\"><audio controls src=\"https:\/\/www.yvelinesradio.com\/infos\/chroniques\/SORTIES_A_PARIS___LE_ROI_DES_PAS_y_croit_encore____Th__tr__8183946960.mp3\"><\/audio><\/figure><p>Le Roi des Papas revient sur sc\u00e8ne avec son banjo qui fait \u00ab crack \u00bb. Un r\u00e9pertoire m\u00e9lang\u00e9, compos\u00e9 de tous ses tubes et de nouveaux morceaux.\r\n\r\nDans le d\u00e9sordre, enfin sans ordre, avec des trucs dr\u00f4les, comme avant et comme toujours, mais en beaucoup plus nouveau. Tout est m\u00e9lang\u00e9 : Cochon neige, Chat beaut\u00e9, La Ch\u00e8vre de madame Seguin, La Petite Sir\u00e8ne des pompiers\u0085 D\u00e9j\u00e0 dans les titres que donne Vincent Malone \u00e0 ses histoires et chansons, on sent que quelque chose cloche &#8211; tout en sachant d&rsquo;avance que de l\u00e0 viendra l&rsquo;immense plaisir, voire la joyeuse hilarit\u00e9 qui saisira son public.\r\nUn exemple : La Chanson du Petit Chaperon rouge. Sur fond de musique country, on apprend que, \u00ab \u00e0 force d&rsquo;aller dans la machine, le chaperon perd de sa couleur \u00bb. Il faudrait tous les citer, les tubes de cour de r\u00e9cr\u00e9ation que Vincent Malone a encha\u00een\u00e9s, depuis l&rsquo;archic\u00e9l\u00e8bre Merdocu jusqu&rsquo;aux moins connus, comme Gal\u00e8re (un rap de d\u00e9part en vacances sur l&rsquo;album En Route). Celui qui s&rsquo;est proclam\u00e9 le \u00ab Roi des papas \u00bb a chang\u00e9 pour toujours le paysage des contes dits pour enfants.\r\n\r\n \r\n\r\nUn spectacle de Vincent MALONE\r\n\r\n4 Repr\u00e9sentations exceptionnelles:\r\n\r\n15 et 22 Novembre \u00e0 14h00\r\n\r\n13 d\u00e9cembre \u00e0 14h00\r\n\r\n23 D\u00e9cembre \u00e0 15h00\r\n\r\n \r\n\r\nDur\u00e9e: 1h00\r\n\r\n \r\n\r\n\r\n \r\n\r\nTH\u00c9\u00c2TRE LE CONTRESCARPE\r\n\r\n01 42 01 81 88\r\n\r\n \r\n\r\nRobert BONNARDOT<\/p>","protected":false},"excerpt":{"rendered":"<p>Le Roi des Papas revient sur sc\u00e8ne avec son banjo qui fait \u00ab crack \u00bb. Un r\u00e9pertoire m\u00e9lang\u00e9, compos\u00e9 de tous ses tubes et de nouveaux morceaux. Dans le d\u00e9sordre, enfin sans ordre, avec des trucs dr\u00f4les, comme avant et comme toujours, mais en beaucoup plus nouveau. Tout est m\u00e9lang\u00e9 : Cochon neige, Chat beaut\u00e9, [&hellip;]<\/p>\n","protected":false},"author":11,"featured_media":0,"comment_status":"closed","ping_status":"open","sticky":false,"template":"","format":"standard","meta":{"footnotes":""},"categories":[],"tags":[],"_links":{"self":[{"href":"https:\/\/www.yvelinesradio.com\/radio\/wp-json\/wp\/v2\/posts\/2113"}],"collection":[{"href":"https:\/\/www.yvelinesradio.com\/radio\/wp-json\/wp\/v2\/posts"}],"about":[{"href":"https:\/\/www.yvelinesradio.com\/radio\/wp-json\/wp\/v2\/types\/post"}],"author":[{"embeddable":true,"href":"https:\/\/www.yvelinesradio.com\/radio\/wp-json\/wp\/v2\/users\/11"}],"replies":[{"embeddable":true,"href":"https:\/\/www.yvelinesradio.com\/radio\/wp-json\/wp\/v2\/comments?post=2113"}],"version-history":[{"count":0,"href":"https:\/\/www.yvelinesradio.com\/radio\/wp-json\/wp\/v2\/posts\/2113\/revisions"}],"wp:attachment":[{"href":"https:\/\/www.yvelinesradio.com\/radio\/wp-json\/wp\/v2\/media?parent=2113"}],"wp:term":[{"taxonomy":"category","embeddable":true,"href":"https:\/\/www.yvelinesradio.com\/radio\/wp-json\/wp\/v2\/categories?post=2113"},{"taxonomy":"post_tag","embeddable":true,"href":"https:\/\/www.yvelinesradio.com\/radio\/wp-json\/wp\/v2\/tags?post=2113"}],"curies":[{"name":"wp","href":"https:\/\/api.w.org\/{rel}","templated":true}]}}