{"id":2086,"date":"2025-10-23T00:00:00","date_gmt":"2025-10-23T00:00:00","guid":{"rendered":""},"modified":"2025-10-23T00:00:00","modified_gmt":"2025-10-23T00:00:00","slug":"20251025695123","status":"publish","type":"post","link":"https:\/\/www.yvelinesradio.com\/radio\/2025\/10\/23\/20251025695123\/","title":{"rendered":"\u00ab\u00a0CURIOSIT\u00c9\u00a0\u00bb au Palais des Congr\u00e8s de Paris"},"content":{"rendered":"<figure class=\"wp-block-image size-full\"><img decoding=\"async\" src=\"https:\/\/www.yvelinesradio.com\/infos\/chroniques\/SORTIES_A_PARIS___CURIOSIT___au_Palais_des_Congr_s_de_Par__4676299125.jpg\"alt=\"\" class=\"wp-image-32\" \/><\/figure><figure class=\"wp-block-audio\"><audio controls src=\"https:\/\/www.yvelinesradio.com\/infos\/chroniques\/SORTIES_A_PARIS___CURIOSIT___au_Palais_des_Congr_s_de_Par__0255134473.mp3\"><\/audio><\/figure><p>Un spectacle joyeux et tr\u00e9pidant, une fusion entre le Hip-Hop et le Cirque.\r\n\r\nUne production de la Cie HASPOP et le Cirque du Grand Lyonnais.\r\n\r\nEn tourn\u00e9e dans toute la France, avec une s\u00e9rie de repr\u00e9sentations au Palais des Congr\u00e8s de Paris.\r\n\r\nAvec:\r\n\r\nAlexis de SAINT-JEAN\r\n\r\nYounes EL HAJJAMI\r\n\r\nVirginie DAHN PHA\r\n\r\nNicole MARTRES\r\n\r\nC\u00e9line PICAULT\r\n\r\nLaurent FRA\u00cfOLI\r\n\r\nMarie MENUGE\r\n\r\nDjalim DRACK\r\n\r\net en alterance:\r\n\r\nMaxime VINCENTE &#038; Naol\u00e8ne BERNERON\r\n\r\n \r\n\r\nConception et Mise en Sc\u00e8ne: Hassan EL HAJJAMI\r\n\r\nDu 26 au 31 D\u00e9cembre 2025\r\n\r\nMardi \u00e0 17h00 et 20h30\r\n\r\nMercredi \u00e0 14h00 et 17h00\r\n\r\nVendredi \u00e0 17h00\r\n\r\nSamedi et Dimanche \u00e0 14h00\r\n\r\n \r\n\r\n\r\nPhoto: Olivier HANNAUER\r\n\r\n \r\n\r\nPALAIS DES CONGR\u00c8S DE PARIS\r\n\r\n01 40 68 22 22\r\n\r\n \r\n\r\n \r\n\r\nRobert BONNARDOT\r\n\r\n<\/p>","protected":false},"excerpt":{"rendered":"<p>Un spectacle joyeux et tr\u00e9pidant, une fusion entre le Hip-Hop et le Cirque. Une production de la Cie HASPOP et le Cirque du Grand Lyonnais. En tourn\u00e9e dans toute la France, avec une s\u00e9rie de repr\u00e9sentations au Palais des Congr\u00e8s de Paris. Avec: Alexis de SAINT-JEAN Younes EL HAJJAMI Virginie DAHN PHA Nicole MARTRES C\u00e9line [&hellip;]<\/p>\n","protected":false},"author":11,"featured_media":0,"comment_status":"closed","ping_status":"open","sticky":false,"template":"","format":"standard","meta":{"footnotes":""},"categories":[],"tags":[],"_links":{"self":[{"href":"https:\/\/www.yvelinesradio.com\/radio\/wp-json\/wp\/v2\/posts\/2086"}],"collection":[{"href":"https:\/\/www.yvelinesradio.com\/radio\/wp-json\/wp\/v2\/posts"}],"about":[{"href":"https:\/\/www.yvelinesradio.com\/radio\/wp-json\/wp\/v2\/types\/post"}],"author":[{"embeddable":true,"href":"https:\/\/www.yvelinesradio.com\/radio\/wp-json\/wp\/v2\/users\/11"}],"replies":[{"embeddable":true,"href":"https:\/\/www.yvelinesradio.com\/radio\/wp-json\/wp\/v2\/comments?post=2086"}],"version-history":[{"count":0,"href":"https:\/\/www.yvelinesradio.com\/radio\/wp-json\/wp\/v2\/posts\/2086\/revisions"}],"wp:attachment":[{"href":"https:\/\/www.yvelinesradio.com\/radio\/wp-json\/wp\/v2\/media?parent=2086"}],"wp:term":[{"taxonomy":"category","embeddable":true,"href":"https:\/\/www.yvelinesradio.com\/radio\/wp-json\/wp\/v2\/categories?post=2086"},{"taxonomy":"post_tag","embeddable":true,"href":"https:\/\/www.yvelinesradio.com\/radio\/wp-json\/wp\/v2\/tags?post=2086"}],"curies":[{"name":"wp","href":"https:\/\/api.w.org\/{rel}","templated":true}]}}