{"id":2068,"date":"2025-10-13T00:00:00","date_gmt":"2025-10-13T00:00:00","guid":{"rendered":""},"modified":"2025-10-13T00:00:00","modified_gmt":"2025-10-13T00:00:00","slug":"20251015511021","status":"publish","type":"post","link":"https:\/\/www.yvelinesradio.com\/radio\/2025\/10\/13\/20251015511021\/","title":{"rendered":"Trouble bipolaire, le d\u00e9tecter, ne plus en avoir honte"},"content":{"rendered":"<figure class=\"wp-block-image size-full\"><img decoding=\"async\" src=\"https:\/\/www.yvelinesradio.com\/infos\/emissions\/MURIEL_PASSEGUE-DUHEM__Trouble_bipolaire__le_d_tecter__ne_plus___4410001622.jpg\"alt=\"\" class=\"wp-image-32\" \/><\/figure><figure class=\"wp-block-audio\"><audio controls src=\"https:\/\/www.yvelinesradio.com\/infos\/emissions\/MURIEL_PASSEGUE-DUHEM__Trouble_bipolaire__le_d_tecter__ne_plus___7379367277.mp3\"><\/audio><\/figure><p>\u00c0 l&rsquo;occasion de la journ\u00e9e mondiale de la sant\u00e9 mentale, Franck, qui souffre d&rsquo;un trouble bipolaire souhaitait apporter son t\u00e9moignage. Il y a 7 ans, apr\u00e8s 30 ans d&rsquo;errance m\u00e9dicale, le diagnostic tombe et le traitement appropri\u00e9 est enfin mis en place. Une seconde naissance.\r\nIl y a quelques mois, avec son livre \u00ab\u00a0Int\u00e9rieur nuit\u00a0\u00bb, Nicolas Demorand, co-pr\u00e9sentateur de la matinale de France Inter a mis en exergue la souffrance que peut vivre un \u00ab\u00a0malade mental\u00a0\u00bb comme il se nomme. \r\nFranck, inconnu du grand public, nous partage son histoire et nous invite, comme Nicolas, \u00e0 ne plus avoir honte, en osant en parler lui aussi.\r\nMerci<\/p>","protected":false},"excerpt":{"rendered":"<p>\u00c0 l&rsquo;occasion de la journ\u00e9e mondiale de la sant\u00e9 mentale, Franck, qui souffre d&rsquo;un trouble bipolaire souhaitait apporter son t\u00e9moignage. Il y a 7 ans, apr\u00e8s 30 ans d&rsquo;errance m\u00e9dicale, le diagnostic tombe et le traitement appropri\u00e9 est enfin mis en place. Une seconde naissance. Il y a quelques mois, avec son livre \u00ab\u00a0Int\u00e9rieur nuit\u00a0\u00bb, [&hellip;]<\/p>\n","protected":false},"author":18,"featured_media":0,"comment_status":"closed","ping_status":"open","sticky":false,"template":"","format":"standard","meta":{"footnotes":""},"categories":[],"tags":[],"_links":{"self":[{"href":"https:\/\/www.yvelinesradio.com\/radio\/wp-json\/wp\/v2\/posts\/2068"}],"collection":[{"href":"https:\/\/www.yvelinesradio.com\/radio\/wp-json\/wp\/v2\/posts"}],"about":[{"href":"https:\/\/www.yvelinesradio.com\/radio\/wp-json\/wp\/v2\/types\/post"}],"author":[{"embeddable":true,"href":"https:\/\/www.yvelinesradio.com\/radio\/wp-json\/wp\/v2\/users\/18"}],"replies":[{"embeddable":true,"href":"https:\/\/www.yvelinesradio.com\/radio\/wp-json\/wp\/v2\/comments?post=2068"}],"version-history":[{"count":0,"href":"https:\/\/www.yvelinesradio.com\/radio\/wp-json\/wp\/v2\/posts\/2068\/revisions"}],"wp:attachment":[{"href":"https:\/\/www.yvelinesradio.com\/radio\/wp-json\/wp\/v2\/media?parent=2068"}],"wp:term":[{"taxonomy":"category","embeddable":true,"href":"https:\/\/www.yvelinesradio.com\/radio\/wp-json\/wp\/v2\/categories?post=2068"},{"taxonomy":"post_tag","embeddable":true,"href":"https:\/\/www.yvelinesradio.com\/radio\/wp-json\/wp\/v2\/tags?post=2068"}],"curies":[{"name":"wp","href":"https:\/\/api.w.org\/{rel}","templated":true}]}}