{"id":2062,"date":"2025-10-13T00:00:00","date_gmt":"2025-10-13T00:00:00","guid":{"rendered":""},"modified":"2025-10-13T00:00:00","modified_gmt":"2025-10-13T00:00:00","slug":"20251014657980","status":"publish","type":"post","link":"https:\/\/www.yvelinesradio.com\/radio\/2025\/10\/13\/20251014657980\/","title":{"rendered":"Les talents du jazz"},"content":{"rendered":"<figure class=\"wp-block-image size-full\"><img decoding=\"async\" src=\"https:\/\/www.yvelinesradio.com\/infos\/emissions\/PIERRE_MINVIELLE_SEBASTIA__Les_talents_du_jazz__5836988577.jpg\"alt=\"\" class=\"wp-image-32\" \/><\/figure><figure class=\"wp-block-audio\"><audio controls src=\"https:\/\/www.yvelinesradio.com\/infos\/emissions\/PIERRE_MINVIELLE_SEBASTIA__Les_talents_du_jazz__6606337000.mp3\"><\/audio><\/figure><p>On \u00e9coute le modern jazz quartet, un groupe embl\u00e9matique des ann\u00e9es 60, un son inimitable.<\/p>","protected":false},"excerpt":{"rendered":"<p>On \u00e9coute le modern jazz quartet, un groupe embl\u00e9matique des ann\u00e9es 60, un son inimitable.<\/p>\n","protected":false},"author":16,"featured_media":0,"comment_status":"closed","ping_status":"open","sticky":false,"template":"","format":"standard","meta":{"footnotes":""},"categories":[],"tags":[],"_links":{"self":[{"href":"https:\/\/www.yvelinesradio.com\/radio\/wp-json\/wp\/v2\/posts\/2062"}],"collection":[{"href":"https:\/\/www.yvelinesradio.com\/radio\/wp-json\/wp\/v2\/posts"}],"about":[{"href":"https:\/\/www.yvelinesradio.com\/radio\/wp-json\/wp\/v2\/types\/post"}],"author":[{"embeddable":true,"href":"https:\/\/www.yvelinesradio.com\/radio\/wp-json\/wp\/v2\/users\/16"}],"replies":[{"embeddable":true,"href":"https:\/\/www.yvelinesradio.com\/radio\/wp-json\/wp\/v2\/comments?post=2062"}],"version-history":[{"count":0,"href":"https:\/\/www.yvelinesradio.com\/radio\/wp-json\/wp\/v2\/posts\/2062\/revisions"}],"wp:attachment":[{"href":"https:\/\/www.yvelinesradio.com\/radio\/wp-json\/wp\/v2\/media?parent=2062"}],"wp:term":[{"taxonomy":"category","embeddable":true,"href":"https:\/\/www.yvelinesradio.com\/radio\/wp-json\/wp\/v2\/categories?post=2062"},{"taxonomy":"post_tag","embeddable":true,"href":"https:\/\/www.yvelinesradio.com\/radio\/wp-json\/wp\/v2\/tags?post=2062"}],"curies":[{"name":"wp","href":"https:\/\/api.w.org\/{rel}","templated":true}]}}