{"id":2041,"date":"2025-09-30T00:00:00","date_gmt":"2025-09-30T00:00:00","guid":{"rendered":""},"modified":"2025-09-30T00:00:00","modified_gmt":"2025-09-30T00:00:00","slug":"20251002768409","status":"publish","type":"post","link":"https:\/\/www.yvelinesradio.com\/radio\/2025\/09\/30\/20251002768409\/","title":{"rendered":"\u00ab\u00a0FANTASMAGLORIA\u00a0\u00bb au Palais des Glaces"},"content":{"rendered":"<figure class=\"wp-block-image size-full\"><img decoding=\"async\" src=\"https:\/\/www.yvelinesradio.com\/infos\/chroniques\/SORTIES_A_PARIS___FANTASMAGLORIA__au_Palais_des_Glaces__4372726837.jpg\"alt=\"\" class=\"wp-image-32\" \/><\/figure><figure class=\"wp-block-audio\"><audio controls src=\"https:\/\/www.yvelinesradio.com\/infos\/chroniques\/SORTIES_A_PARIS___FANTASMAGLORIA__au_Palais_des_Glaces__3117110098.mp3\"><\/audio><\/figure><p>Un spectacle tout en couleurs. \u00ab\u00a0FANTASMAGLORIA\u00a0\u00bb est une odyss\u00e9e sc\u00e9nique qui nous plonge dans la fascinante histoire d&rsquo;un Jazz Club New-Yorkais, entre intrigues et po\u00e9sies.\r\n\r\nCinq artistes sur sc\u00e8ne, vont vous faire passer un agr\u00e9able moment !\r\n\r\nAvec:\r\n\r\nB\u00e9r\u00e9nice RENAUX\r\n\r\nMaud PERSYN\r\n\r\nLaury FICHEUX\r\n\r\nOph\u00e9lie  COSSART\r\n\r\net\r\n\r\nThibaut MARION;\r\n\r\n \r\n\r\n \r\n\r\nCr\u00e9ation Musicale: Maxime SAVARY LEBLANC\r\n\r\n \r\n\r\nUn Show que nous devons \u00e0: Antoine NYA\r\n\r\nIl signe la Mise en Sc\u00e8ne et la Direction Artistique.\r\n\r\n \r\n\r\nDur\u00e9e: 1h15\r\n\r\n \r\n\r\nDeux repr\u00e9sentations exceptionnelles:\r\n\r\n7 et 14 Octobre \u00e0 21h00\r\n\r\n \r\n\r\n\r\n \r\n\r\nPALAIS DES GLACES\r\n\r\n01 42 02 27 17\r\n\r\n \r\n\r\nRobert BONNARDOT<\/p>","protected":false},"excerpt":{"rendered":"<p>Un spectacle tout en couleurs. \u00ab\u00a0FANTASMAGLORIA\u00a0\u00bb est une odyss\u00e9e sc\u00e9nique qui nous plonge dans la fascinante histoire d&rsquo;un Jazz Club New-Yorkais, entre intrigues et po\u00e9sies. Cinq artistes sur sc\u00e8ne, vont vous faire passer un agr\u00e9able moment ! Avec: B\u00e9r\u00e9nice RENAUX Maud PERSYN Laury FICHEUX Oph\u00e9lie COSSART et Thibaut MARION; Cr\u00e9ation Musicale: Maxime SAVARY LEBLANC Un [&hellip;]<\/p>\n","protected":false},"author":11,"featured_media":0,"comment_status":"closed","ping_status":"open","sticky":false,"template":"","format":"standard","meta":{"footnotes":""},"categories":[],"tags":[],"_links":{"self":[{"href":"https:\/\/www.yvelinesradio.com\/radio\/wp-json\/wp\/v2\/posts\/2041"}],"collection":[{"href":"https:\/\/www.yvelinesradio.com\/radio\/wp-json\/wp\/v2\/posts"}],"about":[{"href":"https:\/\/www.yvelinesradio.com\/radio\/wp-json\/wp\/v2\/types\/post"}],"author":[{"embeddable":true,"href":"https:\/\/www.yvelinesradio.com\/radio\/wp-json\/wp\/v2\/users\/11"}],"replies":[{"embeddable":true,"href":"https:\/\/www.yvelinesradio.com\/radio\/wp-json\/wp\/v2\/comments?post=2041"}],"version-history":[{"count":0,"href":"https:\/\/www.yvelinesradio.com\/radio\/wp-json\/wp\/v2\/posts\/2041\/revisions"}],"wp:attachment":[{"href":"https:\/\/www.yvelinesradio.com\/radio\/wp-json\/wp\/v2\/media?parent=2041"}],"wp:term":[{"taxonomy":"category","embeddable":true,"href":"https:\/\/www.yvelinesradio.com\/radio\/wp-json\/wp\/v2\/categories?post=2041"},{"taxonomy":"post_tag","embeddable":true,"href":"https:\/\/www.yvelinesradio.com\/radio\/wp-json\/wp\/v2\/tags?post=2041"}],"curies":[{"name":"wp","href":"https:\/\/api.w.org\/{rel}","templated":true}]}}