{"id":2040,"date":"2025-09-30T00:00:00","date_gmt":"2025-09-30T00:00:00","guid":{"rendered":""},"modified":"2025-09-30T00:00:00","modified_gmt":"2025-09-30T00:00:00","slug":"20251002426657","status":"publish","type":"post","link":"https:\/\/www.yvelinesradio.com\/radio\/2025\/09\/30\/20251002426657\/","title":{"rendered":"\u00ab\u00a0IL \u00c9TAIT UNE FOIS&#8230; LE SPECTACLE\u00a0\u00bb"},"content":{"rendered":"<figure class=\"wp-block-image size-full\"><img decoding=\"async\" src=\"https:\/\/www.yvelinesradio.com\/infos\/chroniques\/SORTIES_A_PARIS___IL__TAIT_UNE_FOIS____LE_SPECTACLE___0500443806.jpg\"alt=\"\" class=\"wp-image-32\" \/><\/figure><figure class=\"wp-block-audio\"><audio controls src=\"https:\/\/www.yvelinesradio.com\/infos\/chroniques\/SORTIES_A_PARIS___IL__TAIT_UNE_FOIS____LE_SPECTACLE___3041959484.mp3\"><\/audio><\/figure><p>Un spectacle pour les plus jeunes, mais qui va rappeler des souvenirs \u00e0 beaucoup de parents.\r\n\r\nCe Show grand public est adapt\u00e9 de la s\u00e9rie t\u00e9l\u00e9vis\u00e9e ,\u00a0\u00bbIl \u00e9tait une fois\u00a0\u00bb,  diffus\u00e9e depuis des dizaines d&rsquo;ann\u00e9es, sur nombre de chaines&#8230;\r\n\r\nUne \u00e9criture de: H\u00e9l\u00e8ne BARILL\u00c9 &#038; Arthur JUGNOT.\r\n\r\n \r\n\r\nAvec:\r\n\r\nBaptiste De OLIVEIRA\r\n\r\nRobin MECHERI\r\n\r\nThomas RONZEAU\r\n\r\nHugo GASPARINI\r\n\r\nPierre-Antoine SUAREZ\r\n\r\net\r\n\r\nMilena SANSONETTI\r\n\r\n \r\n\r\n\u00c0 partir du 4 Octobre\r\n\r\nDu Mardi au Samedi \u00e0 14h00\r\n\r\nEt pendant les vacances scolaires, repr\u00e9sentation compl\u00e9mentaire:\r\n\r\nLes Dimanches \u00e0 11h00\r\n\r\n \r\n\r\nDur\u00e9e: 1h30\r\n\r\n \r\n\r\n\r\n \r\n\r\nTH\u00c9\u00c2TRE DE LA RENAISSANCE\r\n\r\n01 42 08 18 50\r\n\r\n \r\n\r\n \r\n\r\nRobert BONNARDOT<\/p>","protected":false},"excerpt":{"rendered":"<p>Un spectacle pour les plus jeunes, mais qui va rappeler des souvenirs \u00e0 beaucoup de parents. Ce Show grand public est adapt\u00e9 de la s\u00e9rie t\u00e9l\u00e9vis\u00e9e ,\u00a0\u00bbIl \u00e9tait une fois\u00a0\u00bb, diffus\u00e9e depuis des dizaines d&rsquo;ann\u00e9es, sur nombre de chaines&#8230; Une \u00e9criture de: H\u00e9l\u00e8ne BARILL\u00c9 &#038; Arthur JUGNOT. Avec: Baptiste De OLIVEIRA Robin MECHERI Thomas RONZEAU [&hellip;]<\/p>\n","protected":false},"author":11,"featured_media":0,"comment_status":"closed","ping_status":"open","sticky":false,"template":"","format":"standard","meta":{"footnotes":""},"categories":[],"tags":[],"_links":{"self":[{"href":"https:\/\/www.yvelinesradio.com\/radio\/wp-json\/wp\/v2\/posts\/2040"}],"collection":[{"href":"https:\/\/www.yvelinesradio.com\/radio\/wp-json\/wp\/v2\/posts"}],"about":[{"href":"https:\/\/www.yvelinesradio.com\/radio\/wp-json\/wp\/v2\/types\/post"}],"author":[{"embeddable":true,"href":"https:\/\/www.yvelinesradio.com\/radio\/wp-json\/wp\/v2\/users\/11"}],"replies":[{"embeddable":true,"href":"https:\/\/www.yvelinesradio.com\/radio\/wp-json\/wp\/v2\/comments?post=2040"}],"version-history":[{"count":0,"href":"https:\/\/www.yvelinesradio.com\/radio\/wp-json\/wp\/v2\/posts\/2040\/revisions"}],"wp:attachment":[{"href":"https:\/\/www.yvelinesradio.com\/radio\/wp-json\/wp\/v2\/media?parent=2040"}],"wp:term":[{"taxonomy":"category","embeddable":true,"href":"https:\/\/www.yvelinesradio.com\/radio\/wp-json\/wp\/v2\/categories?post=2040"},{"taxonomy":"post_tag","embeddable":true,"href":"https:\/\/www.yvelinesradio.com\/radio\/wp-json\/wp\/v2\/tags?post=2040"}],"curies":[{"name":"wp","href":"https:\/\/api.w.org\/{rel}","templated":true}]}}