{"id":2039,"date":"2025-09-29T00:00:00","date_gmt":"2025-09-29T00:00:00","guid":{"rendered":""},"modified":"2025-09-29T00:00:00","modified_gmt":"2025-09-29T00:00:00","slug":"20251001416292","status":"publish","type":"post","link":"https:\/\/www.yvelinesradio.com\/radio\/2025\/09\/29\/20251001416292\/","title":{"rendered":"\u00ab\u00a0OLIVER TWIST\u00a0\u00bb au LUCERNAIRE"},"content":{"rendered":"<figure class=\"wp-block-image size-full\"><img decoding=\"async\" src=\"https:\/\/www.yvelinesradio.com\/infos\/chroniques\/SORTIES_A_PARIS___OLIVER_TWIST__au_LUCERNAIRE__1130196934.jpg\"alt=\"\" class=\"wp-image-32\" \/><\/figure><figure class=\"wp-block-audio\"><audio controls src=\"https:\/\/www.yvelinesradio.com\/infos\/chroniques\/SORTIES_A_PARIS___OLIVER_TWIST__au_LUCERNAIRE__9400095749.mp3\"><\/audio><\/figure><p>Un spectacle qui va plaire aux enfants, comme \u00e0 leurs parents.\r\n\r\nCette oeuvre de Charles DICKENS, , est adapt\u00e9e ici par le tr\u00e8s talentueux Ned GRUJIC, un ma\u00eetre en la mati\u00e8re.\r\n\r\n \r\n\r\n\u00ab\u00a0Emport\u00e9 dans un souffle \u00e9pique par six jeunes com\u00e9diens-chanteurs-danseurs, le chef-d&rsquo;oeuvre de Dickens devient une grande com\u00e9die musicale. Les artistes nous emm\u00e8nent dans les bas-fonds de Londres en nous contant cette histoire \u00e0 la fa\u00e7on des bonimenteurs du XIX\u00e8me si\u00e8cle. Passant constamment de la narration \u00e0 l&rsquo;incarnation, ils deviennent tour \u00e0 tour Oliver Twist, Nancy la fille des rues, Billy Sikes le truand, le retors Fagin, Charley l&rsquo;enfant rigolard ou le rus\u00e9 Finaud.\r\n\r\nEntre rire et larmes, dans une ambiance proche des Enfants du paradis ou du Kid, chansons, ballets et claquettes s&rsquo;allient pour nous offrir la magie de Londres \u00e0 Paris.\r\n\r\nUne com\u00e9die musicale pour les enfants et les parents qui veulent retrouver leur \u00e2me d&rsquo;enfant.\u00a0\u00bb\r\n\r\nAvec:\r\n\r\nAxel DEROS\r\n\r\nZo\u00e9 DESTEFANIS\r\n\r\nZacharie D&rsquo;OLCE\r\n\r\nRuben NORGUET\r\n\r\nL\u00e9a RUIZ\r\n\r\nPauline TONNOT\r\n\r\n \r\n\r\nMusiques: Th\u00e9r\u00e8se WERNERT\r\n\r\nArrangements: Gilles TINAYRE\r\n\r\nChor\u00e9graphies: Am\u00e9lie FOUBERT &#038; \u00c9lodie HEC\r\n\r\nDirection Musicale: V\u00e9ronique FRUCHART\r\n\r\n \r\n\r\nMise en Sc\u00e8ne: Ned GRUJIC, assist\u00e9 de Robin GANACHEAU\r\n\r\n \r\n\r\nDur\u00e9e: 1h20\r\n\r\n \r\n\r\nDu 10 Septembre au 11 Janvier 2026\r\n\r\nLes Mercredis et Samedis \u00e0 14h30\r\n\r\nLes Dimanches \u00e0 14h00\r\n\r\n \r\n\r\n\r\n \r\n\r\nTH\u00c9\u00c2TRE LE LUCERNAIRE\r\n\r\n(Salle: Th\u00e9\u00e2tre Rouge)\r\n\r\n01 45 44 57 34\r\n\r\n \r\n\r\n \r\n\r\nRobert BONNARDOT<\/p>","protected":false},"excerpt":{"rendered":"<p>Un spectacle qui va plaire aux enfants, comme \u00e0 leurs parents. Cette oeuvre de Charles DICKENS, , est adapt\u00e9e ici par le tr\u00e8s talentueux Ned GRUJIC, un ma\u00eetre en la mati\u00e8re. \u00ab\u00a0Emport\u00e9 dans un souffle \u00e9pique par six jeunes com\u00e9diens-chanteurs-danseurs, le chef-d&rsquo;oeuvre de Dickens devient une grande com\u00e9die musicale. Les artistes nous emm\u00e8nent dans les [&hellip;]<\/p>\n","protected":false},"author":11,"featured_media":0,"comment_status":"closed","ping_status":"open","sticky":false,"template":"","format":"standard","meta":{"footnotes":""},"categories":[],"tags":[],"_links":{"self":[{"href":"https:\/\/www.yvelinesradio.com\/radio\/wp-json\/wp\/v2\/posts\/2039"}],"collection":[{"href":"https:\/\/www.yvelinesradio.com\/radio\/wp-json\/wp\/v2\/posts"}],"about":[{"href":"https:\/\/www.yvelinesradio.com\/radio\/wp-json\/wp\/v2\/types\/post"}],"author":[{"embeddable":true,"href":"https:\/\/www.yvelinesradio.com\/radio\/wp-json\/wp\/v2\/users\/11"}],"replies":[{"embeddable":true,"href":"https:\/\/www.yvelinesradio.com\/radio\/wp-json\/wp\/v2\/comments?post=2039"}],"version-history":[{"count":0,"href":"https:\/\/www.yvelinesradio.com\/radio\/wp-json\/wp\/v2\/posts\/2039\/revisions"}],"wp:attachment":[{"href":"https:\/\/www.yvelinesradio.com\/radio\/wp-json\/wp\/v2\/media?parent=2039"}],"wp:term":[{"taxonomy":"category","embeddable":true,"href":"https:\/\/www.yvelinesradio.com\/radio\/wp-json\/wp\/v2\/categories?post=2039"},{"taxonomy":"post_tag","embeddable":true,"href":"https:\/\/www.yvelinesradio.com\/radio\/wp-json\/wp\/v2\/tags?post=2039"}],"curies":[{"name":"wp","href":"https:\/\/api.w.org\/{rel}","templated":true}]}}