{"id":2038,"date":"2025-09-29T00:00:00","date_gmt":"2025-09-29T00:00:00","guid":{"rendered":""},"modified":"2025-09-29T00:00:00","modified_gmt":"2025-09-29T00:00:00","slug":"20251001588269","status":"publish","type":"post","link":"https:\/\/www.yvelinesradio.com\/radio\/2025\/09\/29\/20251001588269\/","title":{"rendered":"\u00ab\u00a0\u00c7A COMMENCE\u00a0\u00bb de Christophe ERS"},"content":{"rendered":"<figure class=\"wp-block-image size-full\"><img decoding=\"async\" src=\"https:\/\/www.yvelinesradio.com\/infos\/chroniques\/SORTIES_A_PARIS____A_COMMENCE__de_Christophe_ERS__9772258222.jpg\"alt=\"\" class=\"wp-image-32\" \/><\/figure><figure class=\"wp-block-audio\"><audio controls src=\"https:\/\/www.yvelinesradio.com\/infos\/chroniques\/SORTIES_A_PARIS____A_COMMENCE__de_Christophe_ERS__7521520504.mp3\"><\/audio><\/figure><p>Un spectacle que je n&rsquo;aurais pas la possibilit\u00e9 de voir, mais dont le th\u00e8me me touche de tr\u00e8s pr\u00e8s, et c&rsquo;est la seule chose qui m&rsquo;inqui\u00e8te: \u00ab\u00a0ALZHEIMER\u00a0\u00bb.\r\n\r\nUne pi\u00e8ce de Christophe ERS;\r\n\r\nAvec une troupe de com\u00e9diennes et de com\u00e9diens, et ils endossent chacune et chacun, le r\u00f4le de plusieurs  personnages.\r\n\r\nAvec:\r\n\r\nFr\u00e9d\u00e9rique GAUTIER\r\n\r\nManon METZGER\r\n\r\nFran\u00e7ois HATT\r\n\r\nSavinien MALPELET de BLIC\r\n\r\nEt en alertance:\r\n\r\nMorgane BOUQUET\r\n\r\nBunny CHRIQUI\r\n\r\n \r\n\r\nJuliette, \u00e9tudiante en psychologie, partage un lien profond avec sa grand-m\u00e8re Maryse. Lorsque cette derni\u00e8re est confront\u00e9e aux premiers signes de la maladie d&rsquo;Alzheimer, leur relation s&rsquo;\u00e9branle, r\u00e9v\u00e9lant des v\u00e9rit\u00e9s \u00e0 la fois personnelles et universelles.\r\n\r\nPort\u00e9e par des sc\u00e8nes de vie poignantes, \u00ab\u00a0\u00c7a commence&#8230;\u00a0\u00bb nous plonge dans l&rsquo;intimit\u00e9 du vieillissement, tout en questionnant la mani\u00e8re dont notre soci\u00e9t\u00e9 per\u00e7oit, \u00e9tiquette et accompagne la perte de m\u00e9moire. Inspir\u00e9e de situations r\u00e9elles, la pi\u00e8ce alterne \u00e9motions, ruptures de ton, flashbacks historiques et d\u00e9rives institutionnelles. Volontairement provocatrice, elle pose une question essentielle : la maladie d&rsquo;Alzheimer est-elle une r\u00e9alit\u00e9 m\u00e9dicale, une construction sociale ou les deux ?\r\n\r\nMise en Sc\u00e8ne: Christophe ERS\r\n\r\n \r\n\r\nLe Spectacle est \u00e0 21h00\r\n\r\nLes Vendredis, du 26 Septembre au 31 octobre\r\n\r\net,\r\n\r\nLes Samedis, du 15 Novembre au 20 D\u00e9cembre.\r\n\r\n(Rel\u00e2ches du 1er au 14 Novembre 2025)\r\n\r\n \r\n\r\nDur\u00e9e: 1h25\r\n\r\n \r\n\r\n\r\n \r\n\r\nTH\u00c9\u00c2TRE DARIUS MILHAUD\r\n\r\n01 42 01 92 26\r\n\r\n \r\n\r\n \r\n\r\nRobert BONNARDOT<\/p>","protected":false},"excerpt":{"rendered":"<p>Un spectacle que je n&rsquo;aurais pas la possibilit\u00e9 de voir, mais dont le th\u00e8me me touche de tr\u00e8s pr\u00e8s, et c&rsquo;est la seule chose qui m&rsquo;inqui\u00e8te: \u00ab\u00a0ALZHEIMER\u00a0\u00bb. Une pi\u00e8ce de Christophe ERS; Avec une troupe de com\u00e9diennes et de com\u00e9diens, et ils endossent chacune et chacun, le r\u00f4le de plusieurs personnages. Avec: Fr\u00e9d\u00e9rique GAUTIER Manon [&hellip;]<\/p>\n","protected":false},"author":11,"featured_media":0,"comment_status":"closed","ping_status":"open","sticky":false,"template":"","format":"standard","meta":{"footnotes":""},"categories":[],"tags":[],"_links":{"self":[{"href":"https:\/\/www.yvelinesradio.com\/radio\/wp-json\/wp\/v2\/posts\/2038"}],"collection":[{"href":"https:\/\/www.yvelinesradio.com\/radio\/wp-json\/wp\/v2\/posts"}],"about":[{"href":"https:\/\/www.yvelinesradio.com\/radio\/wp-json\/wp\/v2\/types\/post"}],"author":[{"embeddable":true,"href":"https:\/\/www.yvelinesradio.com\/radio\/wp-json\/wp\/v2\/users\/11"}],"replies":[{"embeddable":true,"href":"https:\/\/www.yvelinesradio.com\/radio\/wp-json\/wp\/v2\/comments?post=2038"}],"version-history":[{"count":0,"href":"https:\/\/www.yvelinesradio.com\/radio\/wp-json\/wp\/v2\/posts\/2038\/revisions"}],"wp:attachment":[{"href":"https:\/\/www.yvelinesradio.com\/radio\/wp-json\/wp\/v2\/media?parent=2038"}],"wp:term":[{"taxonomy":"category","embeddable":true,"href":"https:\/\/www.yvelinesradio.com\/radio\/wp-json\/wp\/v2\/categories?post=2038"},{"taxonomy":"post_tag","embeddable":true,"href":"https:\/\/www.yvelinesradio.com\/radio\/wp-json\/wp\/v2\/tags?post=2038"}],"curies":[{"name":"wp","href":"https:\/\/api.w.org\/{rel}","templated":true}]}}